{"id":747,"date":"2022-06-13T11:06:23","date_gmt":"2022-06-13T11:06:23","guid":{"rendered":"https:\/\/maroon-squid-270101.hostingersite.com\/?p=747"},"modified":"2022-06-13T11:27:10","modified_gmt":"2022-06-13T11:27:10","slug":"fernando-grobas","status":"publish","type":"post","link":"https:\/\/artespolaintegracion.gal\/es\/fernando-grobas\/","title":{"rendered":"Fernando Grobas"},"content":{"rendered":"<p>Fernando Grobas (A Coru\u00f1a, 1974) es un agitador cultural, programador y DJ vinculado a la escena desde el 96, siendo el primer DJ gallego invitado por el S\u00f3nar (1998). En 2005 crea las 981Sessions y, un a\u00f1o despu\u00e9s, el 981Festival en colaboraci\u00f3n con Producciones Playa Club, de los que fue el encargado de la programaci\u00f3n de m\u00fasica electr\u00f3nica y DJ residente.<\/p>\n<p>Actualmente est\u00e1 inmerso en su nuevo proyecto, Retrofuture, referente gallego del clubbing de vanguardia.<\/p>\n","protected":false},"excerpt":{"rendered":"<p>Fernando Grobas (A Coru\u00f1a, 1974) es un agitador cultural, programador y DJ vinculado a la escena desde el 96, siendo el primer DJ gallego invitado por el S\u00f3nar (1998). En 2005 crea las 981Sessions y, un a\u00f1o despu\u00e9s, el 981Festival en colaboraci\u00f3n con Producciones Playa Club, de los que fue el encargado de la programaci\u00f3n [&hellip;]<\/p>\n","protected":false},"author":1,"featured_media":752,"comment_status":"closed","ping_status":"open","sticky":false,"template":"","format":"standard","meta":{"_et_pb_use_builder":"","_et_pb_old_content":"","_et_gb_content_width":"","footnotes":""},"categories":[19],"tags":[],"class_list":["post-747","post","type-post","status-publish","format-standard","has-post-thumbnail","hentry","category-xi-artespolaintegracion"],"yoast_head":"<!-- This site is optimized with the Yoast SEO plugin v27.3 - https:\/\/yoast.com\/product\/yoast-seo-wordpress\/ -->\n<title>Fernando Grobas - Artes Pola Integraci\u00f3n<\/title>\n<meta name=\"robots\" content=\"index, follow, max-snippet:-1, max-image-preview:large, max-video-preview:-1\" \/>\n<link rel=\"canonical\" href=\"https:\/\/artespolaintegracion.gal\/es\/fernando-grobas\/\" \/>\n<meta property=\"og:locale\" content=\"es_ES\" \/>\n<meta property=\"og:type\" content=\"article\" \/>\n<meta property=\"og:title\" content=\"Fernando Grobas - Artes Pola Integraci\u00f3n\" \/>\n<meta property=\"og:description\" content=\"Fernando Grobas (A Coru\u00f1a, 1974) es un agitador cultural, programador y DJ vinculado a la escena desde el 96, siendo el primer DJ gallego invitado por el S\u00f3nar (1998). En 2005 crea las 981Sessions y, un a\u00f1o despu\u00e9s, el 981Festival en colaboraci\u00f3n con Producciones Playa Club, de los que fue el encargado de la programaci\u00f3n [&hellip;]\" \/>\n<meta property=\"og:url\" content=\"https:\/\/artespolaintegracion.gal\/es\/fernando-grobas\/\" \/>\n<meta property=\"og:site_name\" content=\"Artes Pola Integraci\u00f3n\" \/>\n<meta property=\"article:published_time\" content=\"2022-06-13T11:06:23+00:00\" \/>\n<meta property=\"article:modified_time\" content=\"2022-06-13T11:27:10+00:00\" \/>\n<meta property=\"og:image\" content=\"https:\/\/artespolaintegracion.gal\/wp-content\/uploads\/2022\/06\/dj-grobas-artes-pola-integracaion.jpg\" \/>\n\t<meta property=\"og:image:width\" content=\"1600\" \/>\n\t<meta property=\"og:image:height\" content=\"1600\" \/>\n\t<meta property=\"og:image:type\" content=\"image\/jpeg\" \/>\n<meta name=\"author\" content=\"agus\" \/>\n<meta name=\"twitter:card\" content=\"summary_large_image\" \/>\n<meta name=\"twitter:label1\" content=\"Escrito por\" \/>\n\t<meta name=\"twitter:data1\" content=\"agus\" \/>\n\t<meta name=\"twitter:label2\" content=\"Tiempo de lectura\" \/>\n\t<meta name=\"twitter:data2\" content=\"1 minuto\" \/>\n<script type=\"application\/ld+json\" class=\"yoast-schema-graph\">{\"@context\":\"https:\\\/\\\/schema.org\",\"@graph\":[{\"@type\":\"Article\",\"@id\":\"https:\\\/\\\/artespolaintegracion.gal\\\/es\\\/fernando-grobas\\\/#article\",\"isPartOf\":{\"@id\":\"https:\\\/\\\/artespolaintegracion.gal\\\/es\\\/fernando-grobas\\\/\"},\"author\":{\"name\":\"agus\",\"@id\":\"https:\\\/\\\/maroon-squid-270101.hostingersite.com\\\/#\\\/schema\\\/person\\\/00ed91f5a8926c2cc2c05a0809605f5a\"},\"headline\":\"Fernando Grobas\",\"datePublished\":\"2022-06-13T11:06:23+00:00\",\"dateModified\":\"2022-06-13T11:27:10+00:00\",\"mainEntityOfPage\":{\"@id\":\"https:\\\/\\\/artespolaintegracion.gal\\\/es\\\/fernando-grobas\\\/\"},\"wordCount\":81,\"image\":{\"@id\":\"https:\\\/\\\/artespolaintegracion.gal\\\/es\\\/fernando-grobas\\\/#primaryimage\"},\"thumbnailUrl\":\"https:\\\/\\\/artespolaintegracion.gal\\\/wp-content\\\/uploads\\\/2022\\\/06\\\/dj-grobas-artes-pola-integracaion.jpg\",\"articleSection\":[\"XI Artes Pola Integracion\"],\"inLanguage\":\"es\"},{\"@type\":\"WebPage\",\"@id\":\"https:\\\/\\\/artespolaintegracion.gal\\\/es\\\/fernando-grobas\\\/\",\"url\":\"https:\\\/\\\/artespolaintegracion.gal\\\/es\\\/fernando-grobas\\\/\",\"name\":\"Fernando Grobas - Artes Pola Integraci\u00f3n\",\"isPartOf\":{\"@id\":\"https:\\\/\\\/maroon-squid-270101.hostingersite.com\\\/#website\"},\"primaryImageOfPage\":{\"@id\":\"https:\\\/\\\/artespolaintegracion.gal\\\/es\\\/fernando-grobas\\\/#primaryimage\"},\"image\":{\"@id\":\"https:\\\/\\\/artespolaintegracion.gal\\\/es\\\/fernando-grobas\\\/#primaryimage\"},\"thumbnailUrl\":\"https:\\\/\\\/artespolaintegracion.gal\\\/wp-content\\\/uploads\\\/2022\\\/06\\\/dj-grobas-artes-pola-integracaion.jpg\",\"datePublished\":\"2022-06-13T11:06:23+00:00\",\"dateModified\":\"2022-06-13T11:27:10+00:00\",\"author\":{\"@id\":\"https:\\\/\\\/maroon-squid-270101.hostingersite.com\\\/#\\\/schema\\\/person\\\/00ed91f5a8926c2cc2c05a0809605f5a\"},\"breadcrumb\":{\"@id\":\"https:\\\/\\\/artespolaintegracion.gal\\\/es\\\/fernando-grobas\\\/#breadcrumb\"},\"inLanguage\":\"es\",\"potentialAction\":[{\"@type\":\"ReadAction\",\"target\":[\"https:\\\/\\\/artespolaintegracion.gal\\\/es\\\/fernando-grobas\\\/\"]}]},{\"@type\":\"ImageObject\",\"inLanguage\":\"es\",\"@id\":\"https:\\\/\\\/artespolaintegracion.gal\\\/es\\\/fernando-grobas\\\/#primaryimage\",\"url\":\"https:\\\/\\\/artespolaintegracion.gal\\\/wp-content\\\/uploads\\\/2022\\\/06\\\/dj-grobas-artes-pola-integracaion.jpg\",\"contentUrl\":\"https:\\\/\\\/artespolaintegracion.gal\\\/wp-content\\\/uploads\\\/2022\\\/06\\\/dj-grobas-artes-pola-integracaion.jpg\",\"width\":1600,\"height\":1600,\"caption\":\"DJ Grobas\"},{\"@type\":\"BreadcrumbList\",\"@id\":\"https:\\\/\\\/artespolaintegracion.gal\\\/es\\\/fernando-grobas\\\/#breadcrumb\",\"itemListElement\":[{\"@type\":\"ListItem\",\"position\":1,\"name\":\"Home\",\"item\":\"https:\\\/\\\/artespolaintegracion.gal\\\/es\\\/\"},{\"@type\":\"ListItem\",\"position\":2,\"name\":\"Fernando Grobas\"}]},{\"@type\":\"WebSite\",\"@id\":\"https:\\\/\\\/maroon-squid-270101.hostingersite.com\\\/#website\",\"url\":\"https:\\\/\\\/maroon-squid-270101.hostingersite.com\\\/\",\"name\":\"Artes Pola Integraci\u00f3n\",\"description\":\"Artes esc\u00e9nicas, artes visuais, mesas de reflexi\u00f3n\",\"potentialAction\":[{\"@type\":\"SearchAction\",\"target\":{\"@type\":\"EntryPoint\",\"urlTemplate\":\"https:\\\/\\\/maroon-squid-270101.hostingersite.com\\\/?s={search_term_string}\"},\"query-input\":{\"@type\":\"PropertyValueSpecification\",\"valueRequired\":true,\"valueName\":\"search_term_string\"}}],\"inLanguage\":\"es\"},{\"@type\":\"Person\",\"@id\":\"https:\\\/\\\/maroon-squid-270101.hostingersite.com\\\/#\\\/schema\\\/person\\\/00ed91f5a8926c2cc2c05a0809605f5a\",\"name\":\"agus\",\"image\":{\"@type\":\"ImageObject\",\"inLanguage\":\"es\",\"@id\":\"https:\\\/\\\/secure.gravatar.com\\\/avatar\\\/c3b27880696483c480aaaa306a46578e48ba28b22f93adff881cfd783369d04a?s=96&d=mm&r=g\",\"url\":\"https:\\\/\\\/secure.gravatar.com\\\/avatar\\\/c3b27880696483c480aaaa306a46578e48ba28b22f93adff881cfd783369d04a?s=96&d=mm&r=g\",\"contentUrl\":\"https:\\\/\\\/secure.gravatar.com\\\/avatar\\\/c3b27880696483c480aaaa306a46578e48ba28b22f93adff881cfd783369d04a?s=96&d=mm&r=g\",\"caption\":\"agus\"},\"url\":\"https:\\\/\\\/artespolaintegracion.gal\\\/es\\\/author\\\/agus\\\/\"}]}<\/script>\n<!-- \/ Yoast SEO plugin. -->","yoast_head_json":{"title":"Fernando Grobas - Artes Pola Integraci\u00f3n","robots":{"index":"index","follow":"follow","max-snippet":"max-snippet:-1","max-image-preview":"max-image-preview:large","max-video-preview":"max-video-preview:-1"},"canonical":"https:\/\/artespolaintegracion.gal\/es\/fernando-grobas\/","og_locale":"es_ES","og_type":"article","og_title":"Fernando Grobas - Artes Pola Integraci\u00f3n","og_description":"Fernando Grobas (A Coru\u00f1a, 1974) es un agitador cultural, programador y DJ vinculado a la escena desde el 96, siendo el primer DJ gallego invitado por el S\u00f3nar (1998). En 2005 crea las 981Sessions y, un a\u00f1o despu\u00e9s, el 981Festival en colaboraci\u00f3n con Producciones Playa Club, de los que fue el encargado de la programaci\u00f3n [&hellip;]","og_url":"https:\/\/artespolaintegracion.gal\/es\/fernando-grobas\/","og_site_name":"Artes Pola Integraci\u00f3n","article_published_time":"2022-06-13T11:06:23+00:00","article_modified_time":"2022-06-13T11:27:10+00:00","og_image":[{"width":1600,"height":1600,"url":"https:\/\/artespolaintegracion.gal\/wp-content\/uploads\/2022\/06\/dj-grobas-artes-pola-integracaion.jpg","type":"image\/jpeg"}],"author":"agus","twitter_card":"summary_large_image","twitter_misc":{"Escrito por":"agus","Tiempo de lectura":"1 minuto"},"schema":{"@context":"https:\/\/schema.org","@graph":[{"@type":"Article","@id":"https:\/\/artespolaintegracion.gal\/es\/fernando-grobas\/#article","isPartOf":{"@id":"https:\/\/artespolaintegracion.gal\/es\/fernando-grobas\/"},"author":{"name":"agus","@id":"https:\/\/maroon-squid-270101.hostingersite.com\/#\/schema\/person\/00ed91f5a8926c2cc2c05a0809605f5a"},"headline":"Fernando Grobas","datePublished":"2022-06-13T11:06:23+00:00","dateModified":"2022-06-13T11:27:10+00:00","mainEntityOfPage":{"@id":"https:\/\/artespolaintegracion.gal\/es\/fernando-grobas\/"},"wordCount":81,"image":{"@id":"https:\/\/artespolaintegracion.gal\/es\/fernando-grobas\/#primaryimage"},"thumbnailUrl":"https:\/\/artespolaintegracion.gal\/wp-content\/uploads\/2022\/06\/dj-grobas-artes-pola-integracaion.jpg","articleSection":["XI Artes Pola Integracion"],"inLanguage":"es"},{"@type":"WebPage","@id":"https:\/\/artespolaintegracion.gal\/es\/fernando-grobas\/","url":"https:\/\/artespolaintegracion.gal\/es\/fernando-grobas\/","name":"Fernando Grobas - Artes Pola Integraci\u00f3n","isPartOf":{"@id":"https:\/\/maroon-squid-270101.hostingersite.com\/#website"},"primaryImageOfPage":{"@id":"https:\/\/artespolaintegracion.gal\/es\/fernando-grobas\/#primaryimage"},"image":{"@id":"https:\/\/artespolaintegracion.gal\/es\/fernando-grobas\/#primaryimage"},"thumbnailUrl":"https:\/\/artespolaintegracion.gal\/wp-content\/uploads\/2022\/06\/dj-grobas-artes-pola-integracaion.jpg","datePublished":"2022-06-13T11:06:23+00:00","dateModified":"2022-06-13T11:27:10+00:00","author":{"@id":"https:\/\/maroon-squid-270101.hostingersite.com\/#\/schema\/person\/00ed91f5a8926c2cc2c05a0809605f5a"},"breadcrumb":{"@id":"https:\/\/artespolaintegracion.gal\/es\/fernando-grobas\/#breadcrumb"},"inLanguage":"es","potentialAction":[{"@type":"ReadAction","target":["https:\/\/artespolaintegracion.gal\/es\/fernando-grobas\/"]}]},{"@type":"ImageObject","inLanguage":"es","@id":"https:\/\/artespolaintegracion.gal\/es\/fernando-grobas\/#primaryimage","url":"https:\/\/artespolaintegracion.gal\/wp-content\/uploads\/2022\/06\/dj-grobas-artes-pola-integracaion.jpg","contentUrl":"https:\/\/artespolaintegracion.gal\/wp-content\/uploads\/2022\/06\/dj-grobas-artes-pola-integracaion.jpg","width":1600,"height":1600,"caption":"DJ Grobas"},{"@type":"BreadcrumbList","@id":"https:\/\/artespolaintegracion.gal\/es\/fernando-grobas\/#breadcrumb","itemListElement":[{"@type":"ListItem","position":1,"name":"Home","item":"https:\/\/artespolaintegracion.gal\/es\/"},{"@type":"ListItem","position":2,"name":"Fernando Grobas"}]},{"@type":"WebSite","@id":"https:\/\/maroon-squid-270101.hostingersite.com\/#website","url":"https:\/\/maroon-squid-270101.hostingersite.com\/","name":"Artes Pola Integraci\u00f3n","description":"Artes esc\u00e9nicas, artes visuais, mesas de reflexi\u00f3n","potentialAction":[{"@type":"SearchAction","target":{"@type":"EntryPoint","urlTemplate":"https:\/\/maroon-squid-270101.hostingersite.com\/?s={search_term_string}"},"query-input":{"@type":"PropertyValueSpecification","valueRequired":true,"valueName":"search_term_string"}}],"inLanguage":"es"},{"@type":"Person","@id":"https:\/\/maroon-squid-270101.hostingersite.com\/#\/schema\/person\/00ed91f5a8926c2cc2c05a0809605f5a","name":"agus","image":{"@type":"ImageObject","inLanguage":"es","@id":"https:\/\/secure.gravatar.com\/avatar\/c3b27880696483c480aaaa306a46578e48ba28b22f93adff881cfd783369d04a?s=96&d=mm&r=g","url":"https:\/\/secure.gravatar.com\/avatar\/c3b27880696483c480aaaa306a46578e48ba28b22f93adff881cfd783369d04a?s=96&d=mm&r=g","contentUrl":"https:\/\/secure.gravatar.com\/avatar\/c3b27880696483c480aaaa306a46578e48ba28b22f93adff881cfd783369d04a?s=96&d=mm&r=g","caption":"agus"},"url":"https:\/\/artespolaintegracion.gal\/es\/author\/agus\/"}]}},"_links":{"self":[{"href":"https:\/\/artespolaintegracion.gal\/es\/wp-json\/wp\/v2\/posts\/747","targetHints":{"allow":["GET"]}}],"collection":[{"href":"https:\/\/artespolaintegracion.gal\/es\/wp-json\/wp\/v2\/posts"}],"about":[{"href":"https:\/\/artespolaintegracion.gal\/es\/wp-json\/wp\/v2\/types\/post"}],"author":[{"embeddable":true,"href":"https:\/\/artespolaintegracion.gal\/es\/wp-json\/wp\/v2\/users\/1"}],"replies":[{"embeddable":true,"href":"https:\/\/artespolaintegracion.gal\/es\/wp-json\/wp\/v2\/comments?post=747"}],"version-history":[{"count":1,"href":"https:\/\/artespolaintegracion.gal\/es\/wp-json\/wp\/v2\/posts\/747\/revisions"}],"predecessor-version":[{"id":748,"href":"https:\/\/artespolaintegracion.gal\/es\/wp-json\/wp\/v2\/posts\/747\/revisions\/748"}],"wp:featuredmedia":[{"embeddable":true,"href":"https:\/\/artespolaintegracion.gal\/es\/wp-json\/wp\/v2\/media\/752"}],"wp:attachment":[{"href":"https:\/\/artespolaintegracion.gal\/es\/wp-json\/wp\/v2\/media?parent=747"}],"wp:term":[{"taxonomy":"category","embeddable":true,"href":"https:\/\/artespolaintegracion.gal\/es\/wp-json\/wp\/v2\/categories?post=747"},{"taxonomy":"post_tag","embeddable":true,"href":"https:\/\/artespolaintegracion.gal\/es\/wp-json\/wp\/v2\/tags?post=747"}],"curies":[{"name":"wp","href":"https:\/\/api.w.org\/{rel}","templated":true}]}}