{"id":741,"date":"2022-06-13T11:01:41","date_gmt":"2022-06-13T11:01:41","guid":{"rendered":"https:\/\/maroon-squid-270101.hostingersite.com\/?p=741"},"modified":"2022-06-13T11:15:06","modified_gmt":"2022-06-13T11:15:06","slug":"dj-pascal-kleiman","status":"publish","type":"post","link":"https:\/\/artespolaintegracion.gal\/es\/dj-pascal-kleiman\/","title":{"rendered":"DJ Pascal Kleiman"},"content":{"rendered":"<p>Algunos habr\u00e1n o\u00eddo hablar de este DJ franc\u00e9s, otros no, de c\u00f3mo alguien sin brazos pudo llegar a ser lo que hoy es y el respeto de su p\u00fablico. Naci\u00f3 sin brazos por una sustancia que tom\u00f3 su madre durante durante el embarazo. Sin embargo eso no le impidi\u00f3 al franc\u00e9s Pascal Kleiman convertirse en uno de los DJs m\u00e1s perstigiosos de Europa. Podemos ver y comprender su historia, en el documental: \u00abH\u00e9roes. No hacen falta alas para volar\u00bb, dirigido por \u00c1ngel Loza, quien nos cuenta su historia.<\/p>\n","protected":false},"excerpt":{"rendered":"<p>Algunos habr\u00e1n o\u00eddo hablar de este DJ franc\u00e9s, otros no, de c\u00f3mo alguien sin brazos pudo llegar a ser lo que hoy es y el respeto de su p\u00fablico. Naci\u00f3 sin brazos por una sustancia que tom\u00f3 su madre durante durante el embarazo. Sin embargo eso no le impidi\u00f3 al franc\u00e9s Pascal Kleiman convertirse en [&hellip;]<\/p>\n","protected":false},"author":1,"featured_media":739,"comment_status":"closed","ping_status":"open","sticky":false,"template":"","format":"standard","meta":{"_et_pb_use_builder":"","_et_pb_old_content":"","_et_gb_content_width":"","footnotes":""},"categories":[19],"tags":[],"class_list":["post-741","post","type-post","status-publish","format-standard","has-post-thumbnail","hentry","category-xi-artespolaintegracion"],"yoast_head":"<!-- This site is optimized with the Yoast SEO plugin v27.3 - https:\/\/yoast.com\/product\/yoast-seo-wordpress\/ -->\n<title>DJ Pascal Kleiman - Artes Pola Integraci\u00f3n<\/title>\n<meta name=\"robots\" content=\"index, follow, max-snippet:-1, max-image-preview:large, max-video-preview:-1\" \/>\n<link rel=\"canonical\" href=\"https:\/\/artespolaintegracion.gal\/es\/dj-pascal-kleiman\/\" \/>\n<meta property=\"og:locale\" content=\"es_ES\" \/>\n<meta property=\"og:type\" content=\"article\" \/>\n<meta property=\"og:title\" content=\"DJ Pascal Kleiman - Artes Pola Integraci\u00f3n\" \/>\n<meta property=\"og:description\" content=\"Algunos habr\u00e1n o\u00eddo hablar de este DJ franc\u00e9s, otros no, de c\u00f3mo alguien sin brazos pudo llegar a ser lo que hoy es y el respeto de su p\u00fablico. Naci\u00f3 sin brazos por una sustancia que tom\u00f3 su madre durante durante el embarazo. Sin embargo eso no le impidi\u00f3 al franc\u00e9s Pascal Kleiman convertirse en [&hellip;]\" \/>\n<meta property=\"og:url\" content=\"https:\/\/artespolaintegracion.gal\/es\/dj-pascal-kleiman\/\" \/>\n<meta property=\"og:site_name\" content=\"Artes Pola Integraci\u00f3n\" \/>\n<meta property=\"article:published_time\" content=\"2022-06-13T11:01:41+00:00\" \/>\n<meta property=\"article:modified_time\" content=\"2022-06-13T11:15:06+00:00\" \/>\n<meta property=\"og:image\" content=\"https:\/\/artespolaintegracion.gal\/wp-content\/uploads\/2022\/06\/dj-pascal-kleiman.jpg\" \/>\n\t<meta property=\"og:image:width\" content=\"1198\" \/>\n\t<meta property=\"og:image:height\" content=\"800\" \/>\n\t<meta property=\"og:image:type\" content=\"image\/jpeg\" \/>\n<meta name=\"author\" content=\"agus\" \/>\n<meta name=\"twitter:card\" content=\"summary_large_image\" \/>\n<meta name=\"twitter:label1\" content=\"Escrito por\" \/>\n\t<meta name=\"twitter:data1\" content=\"agus\" \/>\n\t<meta name=\"twitter:label2\" content=\"Tiempo de lectura\" \/>\n\t<meta name=\"twitter:data2\" content=\"1 minuto\" \/>\n<script type=\"application\/ld+json\" class=\"yoast-schema-graph\">{\"@context\":\"https:\\\/\\\/schema.org\",\"@graph\":[{\"@type\":\"Article\",\"@id\":\"https:\\\/\\\/artespolaintegracion.gal\\\/es\\\/dj-pascal-kleiman\\\/#article\",\"isPartOf\":{\"@id\":\"https:\\\/\\\/artespolaintegracion.gal\\\/es\\\/dj-pascal-kleiman\\\/\"},\"author\":{\"name\":\"agus\",\"@id\":\"https:\\\/\\\/maroon-squid-270101.hostingersite.com\\\/#\\\/schema\\\/person\\\/00ed91f5a8926c2cc2c05a0809605f5a\"},\"headline\":\"DJ Pascal Kleiman\",\"datePublished\":\"2022-06-13T11:01:41+00:00\",\"dateModified\":\"2022-06-13T11:15:06+00:00\",\"mainEntityOfPage\":{\"@id\":\"https:\\\/\\\/artespolaintegracion.gal\\\/es\\\/dj-pascal-kleiman\\\/\"},\"wordCount\":99,\"image\":{\"@id\":\"https:\\\/\\\/artespolaintegracion.gal\\\/es\\\/dj-pascal-kleiman\\\/#primaryimage\"},\"thumbnailUrl\":\"https:\\\/\\\/artespolaintegracion.gal\\\/wp-content\\\/uploads\\\/2022\\\/06\\\/dj-pascal-kleiman.jpg\",\"articleSection\":[\"XI Artes Pola Integracion\"],\"inLanguage\":\"es\"},{\"@type\":\"WebPage\",\"@id\":\"https:\\\/\\\/artespolaintegracion.gal\\\/es\\\/dj-pascal-kleiman\\\/\",\"url\":\"https:\\\/\\\/artespolaintegracion.gal\\\/es\\\/dj-pascal-kleiman\\\/\",\"name\":\"DJ Pascal Kleiman - Artes Pola Integraci\u00f3n\",\"isPartOf\":{\"@id\":\"https:\\\/\\\/maroon-squid-270101.hostingersite.com\\\/#website\"},\"primaryImageOfPage\":{\"@id\":\"https:\\\/\\\/artespolaintegracion.gal\\\/es\\\/dj-pascal-kleiman\\\/#primaryimage\"},\"image\":{\"@id\":\"https:\\\/\\\/artespolaintegracion.gal\\\/es\\\/dj-pascal-kleiman\\\/#primaryimage\"},\"thumbnailUrl\":\"https:\\\/\\\/artespolaintegracion.gal\\\/wp-content\\\/uploads\\\/2022\\\/06\\\/dj-pascal-kleiman.jpg\",\"datePublished\":\"2022-06-13T11:01:41+00:00\",\"dateModified\":\"2022-06-13T11:15:06+00:00\",\"author\":{\"@id\":\"https:\\\/\\\/maroon-squid-270101.hostingersite.com\\\/#\\\/schema\\\/person\\\/00ed91f5a8926c2cc2c05a0809605f5a\"},\"breadcrumb\":{\"@id\":\"https:\\\/\\\/artespolaintegracion.gal\\\/es\\\/dj-pascal-kleiman\\\/#breadcrumb\"},\"inLanguage\":\"es\",\"potentialAction\":[{\"@type\":\"ReadAction\",\"target\":[\"https:\\\/\\\/artespolaintegracion.gal\\\/es\\\/dj-pascal-kleiman\\\/\"]}]},{\"@type\":\"ImageObject\",\"inLanguage\":\"es\",\"@id\":\"https:\\\/\\\/artespolaintegracion.gal\\\/es\\\/dj-pascal-kleiman\\\/#primaryimage\",\"url\":\"https:\\\/\\\/artespolaintegracion.gal\\\/wp-content\\\/uploads\\\/2022\\\/06\\\/dj-pascal-kleiman.jpg\",\"contentUrl\":\"https:\\\/\\\/artespolaintegracion.gal\\\/wp-content\\\/uploads\\\/2022\\\/06\\\/dj-pascal-kleiman.jpg\",\"width\":1198,\"height\":800,\"caption\":\"DJ Pascal Kleiman\"},{\"@type\":\"BreadcrumbList\",\"@id\":\"https:\\\/\\\/artespolaintegracion.gal\\\/es\\\/dj-pascal-kleiman\\\/#breadcrumb\",\"itemListElement\":[{\"@type\":\"ListItem\",\"position\":1,\"name\":\"Home\",\"item\":\"https:\\\/\\\/artespolaintegracion.gal\\\/es\\\/\"},{\"@type\":\"ListItem\",\"position\":2,\"name\":\"DJ Pascal Kleiman\"}]},{\"@type\":\"WebSite\",\"@id\":\"https:\\\/\\\/maroon-squid-270101.hostingersite.com\\\/#website\",\"url\":\"https:\\\/\\\/maroon-squid-270101.hostingersite.com\\\/\",\"name\":\"Artes Pola Integraci\u00f3n\",\"description\":\"Artes esc\u00e9nicas, artes visuais, mesas de reflexi\u00f3n\",\"potentialAction\":[{\"@type\":\"SearchAction\",\"target\":{\"@type\":\"EntryPoint\",\"urlTemplate\":\"https:\\\/\\\/maroon-squid-270101.hostingersite.com\\\/?s={search_term_string}\"},\"query-input\":{\"@type\":\"PropertyValueSpecification\",\"valueRequired\":true,\"valueName\":\"search_term_string\"}}],\"inLanguage\":\"es\"},{\"@type\":\"Person\",\"@id\":\"https:\\\/\\\/maroon-squid-270101.hostingersite.com\\\/#\\\/schema\\\/person\\\/00ed91f5a8926c2cc2c05a0809605f5a\",\"name\":\"agus\",\"image\":{\"@type\":\"ImageObject\",\"inLanguage\":\"es\",\"@id\":\"https:\\\/\\\/secure.gravatar.com\\\/avatar\\\/c3b27880696483c480aaaa306a46578e48ba28b22f93adff881cfd783369d04a?s=96&d=mm&r=g\",\"url\":\"https:\\\/\\\/secure.gravatar.com\\\/avatar\\\/c3b27880696483c480aaaa306a46578e48ba28b22f93adff881cfd783369d04a?s=96&d=mm&r=g\",\"contentUrl\":\"https:\\\/\\\/secure.gravatar.com\\\/avatar\\\/c3b27880696483c480aaaa306a46578e48ba28b22f93adff881cfd783369d04a?s=96&d=mm&r=g\",\"caption\":\"agus\"},\"url\":\"https:\\\/\\\/artespolaintegracion.gal\\\/es\\\/author\\\/agus\\\/\"}]}<\/script>\n<!-- \/ Yoast SEO plugin. -->","yoast_head_json":{"title":"DJ Pascal Kleiman - Artes Pola Integraci\u00f3n","robots":{"index":"index","follow":"follow","max-snippet":"max-snippet:-1","max-image-preview":"max-image-preview:large","max-video-preview":"max-video-preview:-1"},"canonical":"https:\/\/artespolaintegracion.gal\/es\/dj-pascal-kleiman\/","og_locale":"es_ES","og_type":"article","og_title":"DJ Pascal Kleiman - Artes Pola Integraci\u00f3n","og_description":"Algunos habr\u00e1n o\u00eddo hablar de este DJ franc\u00e9s, otros no, de c\u00f3mo alguien sin brazos pudo llegar a ser lo que hoy es y el respeto de su p\u00fablico. Naci\u00f3 sin brazos por una sustancia que tom\u00f3 su madre durante durante el embarazo. Sin embargo eso no le impidi\u00f3 al franc\u00e9s Pascal Kleiman convertirse en [&hellip;]","og_url":"https:\/\/artespolaintegracion.gal\/es\/dj-pascal-kleiman\/","og_site_name":"Artes Pola Integraci\u00f3n","article_published_time":"2022-06-13T11:01:41+00:00","article_modified_time":"2022-06-13T11:15:06+00:00","og_image":[{"width":1198,"height":800,"url":"https:\/\/artespolaintegracion.gal\/wp-content\/uploads\/2022\/06\/dj-pascal-kleiman.jpg","type":"image\/jpeg"}],"author":"agus","twitter_card":"summary_large_image","twitter_misc":{"Escrito por":"agus","Tiempo de lectura":"1 minuto"},"schema":{"@context":"https:\/\/schema.org","@graph":[{"@type":"Article","@id":"https:\/\/artespolaintegracion.gal\/es\/dj-pascal-kleiman\/#article","isPartOf":{"@id":"https:\/\/artespolaintegracion.gal\/es\/dj-pascal-kleiman\/"},"author":{"name":"agus","@id":"https:\/\/maroon-squid-270101.hostingersite.com\/#\/schema\/person\/00ed91f5a8926c2cc2c05a0809605f5a"},"headline":"DJ Pascal Kleiman","datePublished":"2022-06-13T11:01:41+00:00","dateModified":"2022-06-13T11:15:06+00:00","mainEntityOfPage":{"@id":"https:\/\/artespolaintegracion.gal\/es\/dj-pascal-kleiman\/"},"wordCount":99,"image":{"@id":"https:\/\/artespolaintegracion.gal\/es\/dj-pascal-kleiman\/#primaryimage"},"thumbnailUrl":"https:\/\/artespolaintegracion.gal\/wp-content\/uploads\/2022\/06\/dj-pascal-kleiman.jpg","articleSection":["XI Artes Pola Integracion"],"inLanguage":"es"},{"@type":"WebPage","@id":"https:\/\/artespolaintegracion.gal\/es\/dj-pascal-kleiman\/","url":"https:\/\/artespolaintegracion.gal\/es\/dj-pascal-kleiman\/","name":"DJ Pascal Kleiman - Artes Pola Integraci\u00f3n","isPartOf":{"@id":"https:\/\/maroon-squid-270101.hostingersite.com\/#website"},"primaryImageOfPage":{"@id":"https:\/\/artespolaintegracion.gal\/es\/dj-pascal-kleiman\/#primaryimage"},"image":{"@id":"https:\/\/artespolaintegracion.gal\/es\/dj-pascal-kleiman\/#primaryimage"},"thumbnailUrl":"https:\/\/artespolaintegracion.gal\/wp-content\/uploads\/2022\/06\/dj-pascal-kleiman.jpg","datePublished":"2022-06-13T11:01:41+00:00","dateModified":"2022-06-13T11:15:06+00:00","author":{"@id":"https:\/\/maroon-squid-270101.hostingersite.com\/#\/schema\/person\/00ed91f5a8926c2cc2c05a0809605f5a"},"breadcrumb":{"@id":"https:\/\/artespolaintegracion.gal\/es\/dj-pascal-kleiman\/#breadcrumb"},"inLanguage":"es","potentialAction":[{"@type":"ReadAction","target":["https:\/\/artespolaintegracion.gal\/es\/dj-pascal-kleiman\/"]}]},{"@type":"ImageObject","inLanguage":"es","@id":"https:\/\/artespolaintegracion.gal\/es\/dj-pascal-kleiman\/#primaryimage","url":"https:\/\/artespolaintegracion.gal\/wp-content\/uploads\/2022\/06\/dj-pascal-kleiman.jpg","contentUrl":"https:\/\/artespolaintegracion.gal\/wp-content\/uploads\/2022\/06\/dj-pascal-kleiman.jpg","width":1198,"height":800,"caption":"DJ Pascal Kleiman"},{"@type":"BreadcrumbList","@id":"https:\/\/artespolaintegracion.gal\/es\/dj-pascal-kleiman\/#breadcrumb","itemListElement":[{"@type":"ListItem","position":1,"name":"Home","item":"https:\/\/artespolaintegracion.gal\/es\/"},{"@type":"ListItem","position":2,"name":"DJ Pascal Kleiman"}]},{"@type":"WebSite","@id":"https:\/\/maroon-squid-270101.hostingersite.com\/#website","url":"https:\/\/maroon-squid-270101.hostingersite.com\/","name":"Artes Pola Integraci\u00f3n","description":"Artes esc\u00e9nicas, artes visuais, mesas de reflexi\u00f3n","potentialAction":[{"@type":"SearchAction","target":{"@type":"EntryPoint","urlTemplate":"https:\/\/maroon-squid-270101.hostingersite.com\/?s={search_term_string}"},"query-input":{"@type":"PropertyValueSpecification","valueRequired":true,"valueName":"search_term_string"}}],"inLanguage":"es"},{"@type":"Person","@id":"https:\/\/maroon-squid-270101.hostingersite.com\/#\/schema\/person\/00ed91f5a8926c2cc2c05a0809605f5a","name":"agus","image":{"@type":"ImageObject","inLanguage":"es","@id":"https:\/\/secure.gravatar.com\/avatar\/c3b27880696483c480aaaa306a46578e48ba28b22f93adff881cfd783369d04a?s=96&d=mm&r=g","url":"https:\/\/secure.gravatar.com\/avatar\/c3b27880696483c480aaaa306a46578e48ba28b22f93adff881cfd783369d04a?s=96&d=mm&r=g","contentUrl":"https:\/\/secure.gravatar.com\/avatar\/c3b27880696483c480aaaa306a46578e48ba28b22f93adff881cfd783369d04a?s=96&d=mm&r=g","caption":"agus"},"url":"https:\/\/artespolaintegracion.gal\/es\/author\/agus\/"}]}},"_links":{"self":[{"href":"https:\/\/artespolaintegracion.gal\/es\/wp-json\/wp\/v2\/posts\/741","targetHints":{"allow":["GET"]}}],"collection":[{"href":"https:\/\/artespolaintegracion.gal\/es\/wp-json\/wp\/v2\/posts"}],"about":[{"href":"https:\/\/artespolaintegracion.gal\/es\/wp-json\/wp\/v2\/types\/post"}],"author":[{"embeddable":true,"href":"https:\/\/artespolaintegracion.gal\/es\/wp-json\/wp\/v2\/users\/1"}],"replies":[{"embeddable":true,"href":"https:\/\/artespolaintegracion.gal\/es\/wp-json\/wp\/v2\/comments?post=741"}],"version-history":[{"count":1,"href":"https:\/\/artespolaintegracion.gal\/es\/wp-json\/wp\/v2\/posts\/741\/revisions"}],"predecessor-version":[{"id":742,"href":"https:\/\/artespolaintegracion.gal\/es\/wp-json\/wp\/v2\/posts\/741\/revisions\/742"}],"wp:featuredmedia":[{"embeddable":true,"href":"https:\/\/artespolaintegracion.gal\/es\/wp-json\/wp\/v2\/media\/739"}],"wp:attachment":[{"href":"https:\/\/artespolaintegracion.gal\/es\/wp-json\/wp\/v2\/media?parent=741"}],"wp:term":[{"taxonomy":"category","embeddable":true,"href":"https:\/\/artespolaintegracion.gal\/es\/wp-json\/wp\/v2\/categories?post=741"},{"taxonomy":"post_tag","embeddable":true,"href":"https:\/\/artespolaintegracion.gal\/es\/wp-json\/wp\/v2\/tags?post=741"}],"curies":[{"name":"wp","href":"https:\/\/api.w.org\/{rel}","templated":true}]}}