{"id":707,"date":"2022-06-13T09:18:34","date_gmt":"2022-06-13T09:18:34","guid":{"rendered":"https:\/\/maroon-squid-270101.hostingersite.com\/?p=707"},"modified":"2022-06-13T11:15:18","modified_gmt":"2022-06-13T11:15:18","slug":"soy-todo-el-mundo-danza-mobile","status":"publish","type":"post","link":"https:\/\/artespolaintegracion.gal\/es\/soy-todo-el-mundo-danza-mobile\/","title":{"rendered":"Soy Todo el Mundo Danza Mobile"},"content":{"rendered":"<p>\u201cVengo a ser terrible. Soy un monstruo, dec\u00eds. No, soy el pueblo. \u00bfSoy una excepci\u00f3n?\u2028\u2028No, soy todo el mundo. La excepci\u00f3n sois vosotros. Vosotros sois la quimera y yo soy la realidad.\u201d \u2028 A partir de esta cita de V\u00edctor Hugo en el \u201cHombre que r\u00ede\u201d enunciando un escrito de Paul B. Preciado abro un di\u00e1logo f\u00edsico y verbal sobre c\u00f3mo nos miramos.<\/p>\n<p>La palabra monstruo tiene varias acepciones, pero ahora mismo s\u00f3lo voy a destacar dos:<\/p>\n<p>1.- Ser fant\u00e1stico que causa espanto.<\/p>\n<p>2.- Persona que en cualquier actividad excede en mucho las cualidades y aptitudes comunes.<\/p>\n<p>Encontrar nuestro monstruo fue la idea principal de esta pieza.\u2028\u2028Leyendo a Paul B. Preciado, \u201cYo soy el monstruo que os habla\u201d, el discurso que dio ante 3.500 psicoanalistas para las jornadas internacionales de l\u2019\u00e9cole de la Cause freudienne en Par\u00eds, donde alguien como Paul era considerado un \u201cenfermo mental\u201d y un \u201cdisf\u00f3rico de g\u00e9nero\u201d.\u2028\u2028\u2028\u2028El juego de los magos antiguos, de transformar al p\u00fablico en animales y hacerles caer en un subconsciente profundo, nos brind\u00f3 la oportunidad de transformarnos y manipularnos al son de la magia y el subconsciente.<\/p>\n<p>En este duo de magia y movimiento, hemos intentando traer a nuestros monstruos. Jugar a ser manipulados y a jugar. Al son de unas palmas y un juego de ni\u00f1es aplastado por nuestros monstruos interiores: David Bisbal y Chenoa.<\/p>\n<p>Int\u00e9rpretes: Laura Morales y Helliot Baeza.<\/p>\n","protected":false},"excerpt":{"rendered":"<p>\u201cVengo a ser terrible. Soy un monstruo, dec\u00eds. No, soy el pueblo. \u00bfSoy una excepci\u00f3n?\u2028\u2028No, soy todo el mundo. La excepci\u00f3n sois vosotros. Vosotros sois la quimera y yo soy la realidad.\u201d \u2028 A partir de esta cita de V\u00edctor Hugo en el \u201cHombre que r\u00ede\u201d enunciando un escrito de Paul B. Preciado abro un [&hellip;]<\/p>\n","protected":false},"author":1,"featured_media":704,"comment_status":"closed","ping_status":"open","sticky":false,"template":"","format":"standard","meta":{"_et_pb_use_builder":"","_et_pb_old_content":"","_et_gb_content_width":"","footnotes":""},"categories":[19],"tags":[],"class_list":["post-707","post","type-post","status-publish","format-standard","has-post-thumbnail","hentry","category-xi-artespolaintegracion"],"yoast_head":"<!-- This site is optimized with the Yoast SEO plugin v27.3 - https:\/\/yoast.com\/product\/yoast-seo-wordpress\/ -->\n<title>Soy Todo el Mundo Danza Mobile - Artes Pola Integraci\u00f3n<\/title>\n<meta name=\"robots\" content=\"index, follow, max-snippet:-1, max-image-preview:large, max-video-preview:-1\" \/>\n<link rel=\"canonical\" href=\"https:\/\/artespolaintegracion.gal\/soy-todo-el-mundo-danza-mobile\/\" \/>\n<meta property=\"og:locale\" content=\"es_ES\" \/>\n<meta property=\"og:type\" content=\"article\" \/>\n<meta property=\"og:title\" content=\"Soy Todo el Mundo Danza Mobile - Artes Pola Integraci\u00f3n\" \/>\n<meta property=\"og:description\" content=\"\u201cVengo a ser terrible. Soy un monstruo, dec\u00eds. No, soy el pueblo. \u00bfSoy una excepci\u00f3n?\u2028\u2028No, soy todo el mundo. La excepci\u00f3n sois vosotros. Vosotros sois la quimera y yo soy la realidad.\u201d \u2028 A partir de esta cita de V\u00edctor Hugo en el \u201cHombre que r\u00ede\u201d enunciando un escrito de Paul B. Preciado abro un [&hellip;]\" \/>\n<meta property=\"og:url\" content=\"https:\/\/artespolaintegracion.gal\/soy-todo-el-mundo-danza-mobile\/\" \/>\n<meta property=\"og:site_name\" content=\"Artes Pola Integraci\u00f3n\" \/>\n<meta property=\"article:published_time\" content=\"2022-06-13T09:18:34+00:00\" \/>\n<meta property=\"article:modified_time\" content=\"2022-06-13T11:15:18+00:00\" \/>\n<meta property=\"og:image\" content=\"https:\/\/artespolaintegracion.gal\/wp-content\/uploads\/2022\/06\/soy-todo-el-mundo.jpg\" \/>\n\t<meta property=\"og:image:width\" content=\"925\" \/>\n\t<meta property=\"og:image:height\" content=\"615\" \/>\n\t<meta property=\"og:image:type\" content=\"image\/jpeg\" \/>\n<meta name=\"author\" content=\"agus\" \/>\n<meta name=\"twitter:card\" content=\"summary_large_image\" \/>\n<meta name=\"twitter:label1\" content=\"Escrito por\" \/>\n\t<meta name=\"twitter:data1\" content=\"agus\" \/>\n\t<meta name=\"twitter:label2\" content=\"Tiempo de lectura\" \/>\n\t<meta name=\"twitter:data2\" content=\"2 minutos\" \/>\n<script type=\"application\/ld+json\" class=\"yoast-schema-graph\">{\"@context\":\"https:\\\/\\\/schema.org\",\"@graph\":[{\"@type\":\"Article\",\"@id\":\"https:\\\/\\\/artespolaintegracion.gal\\\/soy-todo-el-mundo-danza-mobile\\\/#article\",\"isPartOf\":{\"@id\":\"https:\\\/\\\/artespolaintegracion.gal\\\/soy-todo-el-mundo-danza-mobile\\\/\"},\"author\":{\"name\":\"agus\",\"@id\":\"https:\\\/\\\/maroon-squid-270101.hostingersite.com\\\/#\\\/schema\\\/person\\\/00ed91f5a8926c2cc2c05a0809605f5a\"},\"headline\":\"Soy Todo el Mundo Danza Mobile\",\"datePublished\":\"2022-06-13T09:18:34+00:00\",\"dateModified\":\"2022-06-13T11:15:18+00:00\",\"mainEntityOfPage\":{\"@id\":\"https:\\\/\\\/artespolaintegracion.gal\\\/soy-todo-el-mundo-danza-mobile\\\/\"},\"wordCount\":254,\"image\":{\"@id\":\"https:\\\/\\\/artespolaintegracion.gal\\\/soy-todo-el-mundo-danza-mobile\\\/#primaryimage\"},\"thumbnailUrl\":\"https:\\\/\\\/artespolaintegracion.gal\\\/wp-content\\\/uploads\\\/2022\\\/06\\\/soy-todo-el-mundo.jpg\",\"articleSection\":[\"XI Artes Pola Integracion\"],\"inLanguage\":\"es\"},{\"@type\":\"WebPage\",\"@id\":\"https:\\\/\\\/artespolaintegracion.gal\\\/soy-todo-el-mundo-danza-mobile\\\/\",\"url\":\"https:\\\/\\\/artespolaintegracion.gal\\\/soy-todo-el-mundo-danza-mobile\\\/\",\"name\":\"Soy Todo el Mundo Danza Mobile - Artes Pola Integraci\u00f3n\",\"isPartOf\":{\"@id\":\"https:\\\/\\\/maroon-squid-270101.hostingersite.com\\\/#website\"},\"primaryImageOfPage\":{\"@id\":\"https:\\\/\\\/artespolaintegracion.gal\\\/soy-todo-el-mundo-danza-mobile\\\/#primaryimage\"},\"image\":{\"@id\":\"https:\\\/\\\/artespolaintegracion.gal\\\/soy-todo-el-mundo-danza-mobile\\\/#primaryimage\"},\"thumbnailUrl\":\"https:\\\/\\\/artespolaintegracion.gal\\\/wp-content\\\/uploads\\\/2022\\\/06\\\/soy-todo-el-mundo.jpg\",\"datePublished\":\"2022-06-13T09:18:34+00:00\",\"dateModified\":\"2022-06-13T11:15:18+00:00\",\"author\":{\"@id\":\"https:\\\/\\\/maroon-squid-270101.hostingersite.com\\\/#\\\/schema\\\/person\\\/00ed91f5a8926c2cc2c05a0809605f5a\"},\"breadcrumb\":{\"@id\":\"https:\\\/\\\/artespolaintegracion.gal\\\/soy-todo-el-mundo-danza-mobile\\\/#breadcrumb\"},\"inLanguage\":\"es\",\"potentialAction\":[{\"@type\":\"ReadAction\",\"target\":[\"https:\\\/\\\/artespolaintegracion.gal\\\/soy-todo-el-mundo-danza-mobile\\\/\"]}]},{\"@type\":\"ImageObject\",\"inLanguage\":\"es\",\"@id\":\"https:\\\/\\\/artespolaintegracion.gal\\\/soy-todo-el-mundo-danza-mobile\\\/#primaryimage\",\"url\":\"https:\\\/\\\/artespolaintegracion.gal\\\/wp-content\\\/uploads\\\/2022\\\/06\\\/soy-todo-el-mundo.jpg\",\"contentUrl\":\"https:\\\/\\\/artespolaintegracion.gal\\\/wp-content\\\/uploads\\\/2022\\\/06\\\/soy-todo-el-mundo.jpg\",\"width\":925,\"height\":615,\"caption\":\"Soy Todo el Mundo Danza Mobile\"},{\"@type\":\"BreadcrumbList\",\"@id\":\"https:\\\/\\\/artespolaintegracion.gal\\\/soy-todo-el-mundo-danza-mobile\\\/#breadcrumb\",\"itemListElement\":[{\"@type\":\"ListItem\",\"position\":1,\"name\":\"Home\",\"item\":\"https:\\\/\\\/artespolaintegracion.gal\\\/es\\\/\"},{\"@type\":\"ListItem\",\"position\":2,\"name\":\"Soy Todo el Mundo Danza Mobile\"}]},{\"@type\":\"WebSite\",\"@id\":\"https:\\\/\\\/maroon-squid-270101.hostingersite.com\\\/#website\",\"url\":\"https:\\\/\\\/maroon-squid-270101.hostingersite.com\\\/\",\"name\":\"Artes Pola Integraci\u00f3n\",\"description\":\"Artes esc\u00e9nicas, artes visuais, mesas de reflexi\u00f3n\",\"potentialAction\":[{\"@type\":\"SearchAction\",\"target\":{\"@type\":\"EntryPoint\",\"urlTemplate\":\"https:\\\/\\\/maroon-squid-270101.hostingersite.com\\\/?s={search_term_string}\"},\"query-input\":{\"@type\":\"PropertyValueSpecification\",\"valueRequired\":true,\"valueName\":\"search_term_string\"}}],\"inLanguage\":\"es\"},{\"@type\":\"Person\",\"@id\":\"https:\\\/\\\/maroon-squid-270101.hostingersite.com\\\/#\\\/schema\\\/person\\\/00ed91f5a8926c2cc2c05a0809605f5a\",\"name\":\"agus\",\"image\":{\"@type\":\"ImageObject\",\"inLanguage\":\"es\",\"@id\":\"https:\\\/\\\/secure.gravatar.com\\\/avatar\\\/c3b27880696483c480aaaa306a46578e48ba28b22f93adff881cfd783369d04a?s=96&d=mm&r=g\",\"url\":\"https:\\\/\\\/secure.gravatar.com\\\/avatar\\\/c3b27880696483c480aaaa306a46578e48ba28b22f93adff881cfd783369d04a?s=96&d=mm&r=g\",\"contentUrl\":\"https:\\\/\\\/secure.gravatar.com\\\/avatar\\\/c3b27880696483c480aaaa306a46578e48ba28b22f93adff881cfd783369d04a?s=96&d=mm&r=g\",\"caption\":\"agus\"},\"url\":\"https:\\\/\\\/artespolaintegracion.gal\\\/es\\\/author\\\/agus\\\/\"}]}<\/script>\n<!-- \/ Yoast SEO plugin. -->","yoast_head_json":{"title":"Soy Todo el Mundo Danza Mobile - Artes Pola Integraci\u00f3n","robots":{"index":"index","follow":"follow","max-snippet":"max-snippet:-1","max-image-preview":"max-image-preview:large","max-video-preview":"max-video-preview:-1"},"canonical":"https:\/\/artespolaintegracion.gal\/soy-todo-el-mundo-danza-mobile\/","og_locale":"es_ES","og_type":"article","og_title":"Soy Todo el Mundo Danza Mobile - Artes Pola Integraci\u00f3n","og_description":"\u201cVengo a ser terrible. Soy un monstruo, dec\u00eds. No, soy el pueblo. \u00bfSoy una excepci\u00f3n?\u2028\u2028No, soy todo el mundo. La excepci\u00f3n sois vosotros. Vosotros sois la quimera y yo soy la realidad.\u201d \u2028 A partir de esta cita de V\u00edctor Hugo en el \u201cHombre que r\u00ede\u201d enunciando un escrito de Paul B. Preciado abro un [&hellip;]","og_url":"https:\/\/artespolaintegracion.gal\/soy-todo-el-mundo-danza-mobile\/","og_site_name":"Artes Pola Integraci\u00f3n","article_published_time":"2022-06-13T09:18:34+00:00","article_modified_time":"2022-06-13T11:15:18+00:00","og_image":[{"width":925,"height":615,"url":"https:\/\/artespolaintegracion.gal\/wp-content\/uploads\/2022\/06\/soy-todo-el-mundo.jpg","type":"image\/jpeg"}],"author":"agus","twitter_card":"summary_large_image","twitter_misc":{"Escrito por":"agus","Tiempo de lectura":"2 minutos"},"schema":{"@context":"https:\/\/schema.org","@graph":[{"@type":"Article","@id":"https:\/\/artespolaintegracion.gal\/soy-todo-el-mundo-danza-mobile\/#article","isPartOf":{"@id":"https:\/\/artespolaintegracion.gal\/soy-todo-el-mundo-danza-mobile\/"},"author":{"name":"agus","@id":"https:\/\/maroon-squid-270101.hostingersite.com\/#\/schema\/person\/00ed91f5a8926c2cc2c05a0809605f5a"},"headline":"Soy Todo el Mundo Danza Mobile","datePublished":"2022-06-13T09:18:34+00:00","dateModified":"2022-06-13T11:15:18+00:00","mainEntityOfPage":{"@id":"https:\/\/artespolaintegracion.gal\/soy-todo-el-mundo-danza-mobile\/"},"wordCount":254,"image":{"@id":"https:\/\/artespolaintegracion.gal\/soy-todo-el-mundo-danza-mobile\/#primaryimage"},"thumbnailUrl":"https:\/\/artespolaintegracion.gal\/wp-content\/uploads\/2022\/06\/soy-todo-el-mundo.jpg","articleSection":["XI Artes Pola Integracion"],"inLanguage":"es"},{"@type":"WebPage","@id":"https:\/\/artespolaintegracion.gal\/soy-todo-el-mundo-danza-mobile\/","url":"https:\/\/artespolaintegracion.gal\/soy-todo-el-mundo-danza-mobile\/","name":"Soy Todo el Mundo Danza Mobile - Artes Pola Integraci\u00f3n","isPartOf":{"@id":"https:\/\/maroon-squid-270101.hostingersite.com\/#website"},"primaryImageOfPage":{"@id":"https:\/\/artespolaintegracion.gal\/soy-todo-el-mundo-danza-mobile\/#primaryimage"},"image":{"@id":"https:\/\/artespolaintegracion.gal\/soy-todo-el-mundo-danza-mobile\/#primaryimage"},"thumbnailUrl":"https:\/\/artespolaintegracion.gal\/wp-content\/uploads\/2022\/06\/soy-todo-el-mundo.jpg","datePublished":"2022-06-13T09:18:34+00:00","dateModified":"2022-06-13T11:15:18+00:00","author":{"@id":"https:\/\/maroon-squid-270101.hostingersite.com\/#\/schema\/person\/00ed91f5a8926c2cc2c05a0809605f5a"},"breadcrumb":{"@id":"https:\/\/artespolaintegracion.gal\/soy-todo-el-mundo-danza-mobile\/#breadcrumb"},"inLanguage":"es","potentialAction":[{"@type":"ReadAction","target":["https:\/\/artespolaintegracion.gal\/soy-todo-el-mundo-danza-mobile\/"]}]},{"@type":"ImageObject","inLanguage":"es","@id":"https:\/\/artespolaintegracion.gal\/soy-todo-el-mundo-danza-mobile\/#primaryimage","url":"https:\/\/artespolaintegracion.gal\/wp-content\/uploads\/2022\/06\/soy-todo-el-mundo.jpg","contentUrl":"https:\/\/artespolaintegracion.gal\/wp-content\/uploads\/2022\/06\/soy-todo-el-mundo.jpg","width":925,"height":615,"caption":"Soy Todo el Mundo Danza Mobile"},{"@type":"BreadcrumbList","@id":"https:\/\/artespolaintegracion.gal\/soy-todo-el-mundo-danza-mobile\/#breadcrumb","itemListElement":[{"@type":"ListItem","position":1,"name":"Home","item":"https:\/\/artespolaintegracion.gal\/es\/"},{"@type":"ListItem","position":2,"name":"Soy Todo el Mundo Danza Mobile"}]},{"@type":"WebSite","@id":"https:\/\/maroon-squid-270101.hostingersite.com\/#website","url":"https:\/\/maroon-squid-270101.hostingersite.com\/","name":"Artes Pola Integraci\u00f3n","description":"Artes esc\u00e9nicas, artes visuais, mesas de reflexi\u00f3n","potentialAction":[{"@type":"SearchAction","target":{"@type":"EntryPoint","urlTemplate":"https:\/\/maroon-squid-270101.hostingersite.com\/?s={search_term_string}"},"query-input":{"@type":"PropertyValueSpecification","valueRequired":true,"valueName":"search_term_string"}}],"inLanguage":"es"},{"@type":"Person","@id":"https:\/\/maroon-squid-270101.hostingersite.com\/#\/schema\/person\/00ed91f5a8926c2cc2c05a0809605f5a","name":"agus","image":{"@type":"ImageObject","inLanguage":"es","@id":"https:\/\/secure.gravatar.com\/avatar\/c3b27880696483c480aaaa306a46578e48ba28b22f93adff881cfd783369d04a?s=96&d=mm&r=g","url":"https:\/\/secure.gravatar.com\/avatar\/c3b27880696483c480aaaa306a46578e48ba28b22f93adff881cfd783369d04a?s=96&d=mm&r=g","contentUrl":"https:\/\/secure.gravatar.com\/avatar\/c3b27880696483c480aaaa306a46578e48ba28b22f93adff881cfd783369d04a?s=96&d=mm&r=g","caption":"agus"},"url":"https:\/\/artespolaintegracion.gal\/es\/author\/agus\/"}]}},"_links":{"self":[{"href":"https:\/\/artespolaintegracion.gal\/es\/wp-json\/wp\/v2\/posts\/707","targetHints":{"allow":["GET"]}}],"collection":[{"href":"https:\/\/artespolaintegracion.gal\/es\/wp-json\/wp\/v2\/posts"}],"about":[{"href":"https:\/\/artespolaintegracion.gal\/es\/wp-json\/wp\/v2\/types\/post"}],"author":[{"embeddable":true,"href":"https:\/\/artespolaintegracion.gal\/es\/wp-json\/wp\/v2\/users\/1"}],"replies":[{"embeddable":true,"href":"https:\/\/artespolaintegracion.gal\/es\/wp-json\/wp\/v2\/comments?post=707"}],"version-history":[{"count":1,"href":"https:\/\/artespolaintegracion.gal\/es\/wp-json\/wp\/v2\/posts\/707\/revisions"}],"predecessor-version":[{"id":708,"href":"https:\/\/artespolaintegracion.gal\/es\/wp-json\/wp\/v2\/posts\/707\/revisions\/708"}],"wp:featuredmedia":[{"embeddable":true,"href":"https:\/\/artespolaintegracion.gal\/es\/wp-json\/wp\/v2\/media\/704"}],"wp:attachment":[{"href":"https:\/\/artespolaintegracion.gal\/es\/wp-json\/wp\/v2\/media?parent=707"}],"wp:term":[{"taxonomy":"category","embeddable":true,"href":"https:\/\/artespolaintegracion.gal\/es\/wp-json\/wp\/v2\/categories?post=707"},{"taxonomy":"post_tag","embeddable":true,"href":"https:\/\/artespolaintegracion.gal\/es\/wp-json\/wp\/v2\/tags?post=707"}],"curies":[{"name":"wp","href":"https:\/\/api.w.org\/{rel}","templated":true}]}}