{"id":692,"date":"2022-06-13T09:12:25","date_gmt":"2022-06-13T09:12:25","guid":{"rendered":"https:\/\/maroon-squid-270101.hostingersite.com\/?p=692"},"modified":"2022-06-13T11:15:31","modified_gmt":"2022-06-13T11:15:31","slug":"la-danza-del-yo-eudanza","status":"publish","type":"post","link":"https:\/\/artespolaintegracion.gal\/es\/la-danza-del-yo-eudanza\/","title":{"rendered":"La Danza del Yo Eudanza"},"content":{"rendered":"<p>Compa\u00f1\u00eda de danza integrada del Colegio O Pelouro en Caldelas de Tui.\u2028 Despu\u00e9s de los eventos vividos durante la pandemia, se estrena este espect\u00e1culo como motor de vida, impulso y cuidado de las relaciones humanas, donde la integraci\u00f3n del ser humano tenga su lugar.<\/p>\n<p><em>\u00abEl\u00a0<strong>Grupo EUDANZA<\/strong>, es un ejemplo de integraci\u00f3n \u00abvivo\u00bb, din\u00e1mico, vivencial, de fondo, donde se establece una cooperaci\u00f3n real y una necesidad de conocer al \u00abotro\u00bb, estableciendo un v\u00ednculo en el entramado relacional. La Danza como canal expresivo que propicia las relaciones interps\u00edquicas, herramienta que canaliza las reacciones en el \u00e1mbito personal y socio cultural, junto a la funci\u00f3n primordial, remediadora y estimuladora de superaci\u00f3n y enriquecimiento, llevando la persona al desarrollo de su m\u00e1ximo potencial, produciendo intensidades y emociones en la dimensi\u00f3n relacional\u00bb.<\/em><\/p>\n<p>Direcci\u00f3n: Laura Llauder<\/p>\n","protected":false},"excerpt":{"rendered":"<p>Compa\u00f1\u00eda de danza integrada del Colegio O Pelouro en Caldelas de Tui.\u2028 Despu\u00e9s de los eventos vividos durante la pandemia, se estrena este espect\u00e1culo como motor de vida, impulso y cuidado de las relaciones humanas, donde la integraci\u00f3n del ser humano tenga su lugar. \u00abEl\u00a0Grupo EUDANZA, es un ejemplo de integraci\u00f3n \u00abvivo\u00bb, din\u00e1mico, vivencial, de [&hellip;]<\/p>\n","protected":false},"author":1,"featured_media":690,"comment_status":"closed","ping_status":"open","sticky":false,"template":"","format":"standard","meta":{"_et_pb_use_builder":"","_et_pb_old_content":"","_et_gb_content_width":"","footnotes":""},"categories":[19],"tags":[],"class_list":["post-692","post","type-post","status-publish","format-standard","has-post-thumbnail","hentry","category-xi-artespolaintegracion"],"yoast_head":"<!-- This site is optimized with the Yoast SEO plugin v27.3 - https:\/\/yoast.com\/product\/yoast-seo-wordpress\/ -->\n<title>La Danza del Yo Eudanza - Artes Pola Integraci\u00f3n<\/title>\n<meta name=\"robots\" content=\"index, follow, max-snippet:-1, max-image-preview:large, max-video-preview:-1\" \/>\n<link rel=\"canonical\" href=\"https:\/\/artespolaintegracion.gal\/la-danza-del-yo-eudanza\/\" \/>\n<meta property=\"og:locale\" content=\"es_ES\" \/>\n<meta property=\"og:type\" content=\"article\" \/>\n<meta property=\"og:title\" content=\"La Danza del Yo Eudanza - Artes Pola Integraci\u00f3n\" \/>\n<meta property=\"og:description\" content=\"Compa\u00f1\u00eda de danza integrada del Colegio O Pelouro en Caldelas de Tui.\u2028 Despu\u00e9s de los eventos vividos durante la pandemia, se estrena este espect\u00e1culo como motor de vida, impulso y cuidado de las relaciones humanas, donde la integraci\u00f3n del ser humano tenga su lugar. \u00abEl\u00a0Grupo EUDANZA, es un ejemplo de integraci\u00f3n \u00abvivo\u00bb, din\u00e1mico, vivencial, de [&hellip;]\" \/>\n<meta property=\"og:url\" content=\"https:\/\/artespolaintegracion.gal\/la-danza-del-yo-eudanza\/\" \/>\n<meta property=\"og:site_name\" content=\"Artes Pola Integraci\u00f3n\" \/>\n<meta property=\"article:published_time\" content=\"2022-06-13T09:12:25+00:00\" \/>\n<meta property=\"article:modified_time\" content=\"2022-06-13T11:15:31+00:00\" \/>\n<meta property=\"og:image\" content=\"https:\/\/artespolaintegracion.gal\/wp-content\/uploads\/2022\/06\/la-danza-del-yo-eudanza2.jpg\" \/>\n\t<meta property=\"og:image:width\" content=\"1101\" \/>\n\t<meta property=\"og:image:height\" content=\"611\" \/>\n\t<meta property=\"og:image:type\" content=\"image\/jpeg\" \/>\n<meta name=\"author\" content=\"agus\" \/>\n<meta name=\"twitter:card\" content=\"summary_large_image\" \/>\n<meta name=\"twitter:label1\" content=\"Escrito por\" \/>\n\t<meta name=\"twitter:data1\" content=\"agus\" \/>\n\t<meta name=\"twitter:label2\" content=\"Tiempo de lectura\" \/>\n\t<meta name=\"twitter:data2\" content=\"1 minuto\" \/>\n<script type=\"application\/ld+json\" class=\"yoast-schema-graph\">{\"@context\":\"https:\\\/\\\/schema.org\",\"@graph\":[{\"@type\":\"Article\",\"@id\":\"https:\\\/\\\/artespolaintegracion.gal\\\/la-danza-del-yo-eudanza\\\/#article\",\"isPartOf\":{\"@id\":\"https:\\\/\\\/artespolaintegracion.gal\\\/la-danza-del-yo-eudanza\\\/\"},\"author\":{\"name\":\"agus\",\"@id\":\"https:\\\/\\\/maroon-squid-270101.hostingersite.com\\\/#\\\/schema\\\/person\\\/00ed91f5a8926c2cc2c05a0809605f5a\"},\"headline\":\"La Danza del Yo Eudanza\",\"datePublished\":\"2022-06-13T09:12:25+00:00\",\"dateModified\":\"2022-06-13T11:15:31+00:00\",\"mainEntityOfPage\":{\"@id\":\"https:\\\/\\\/artespolaintegracion.gal\\\/la-danza-del-yo-eudanza\\\/\"},\"wordCount\":150,\"image\":{\"@id\":\"https:\\\/\\\/artespolaintegracion.gal\\\/la-danza-del-yo-eudanza\\\/#primaryimage\"},\"thumbnailUrl\":\"https:\\\/\\\/artespolaintegracion.gal\\\/wp-content\\\/uploads\\\/2022\\\/06\\\/la-danza-del-yo-eudanza2.jpg\",\"articleSection\":[\"XI Artes Pola Integracion\"],\"inLanguage\":\"es\"},{\"@type\":\"WebPage\",\"@id\":\"https:\\\/\\\/artespolaintegracion.gal\\\/la-danza-del-yo-eudanza\\\/\",\"url\":\"https:\\\/\\\/artespolaintegracion.gal\\\/la-danza-del-yo-eudanza\\\/\",\"name\":\"La Danza del Yo Eudanza - Artes Pola Integraci\u00f3n\",\"isPartOf\":{\"@id\":\"https:\\\/\\\/maroon-squid-270101.hostingersite.com\\\/#website\"},\"primaryImageOfPage\":{\"@id\":\"https:\\\/\\\/artespolaintegracion.gal\\\/la-danza-del-yo-eudanza\\\/#primaryimage\"},\"image\":{\"@id\":\"https:\\\/\\\/artespolaintegracion.gal\\\/la-danza-del-yo-eudanza\\\/#primaryimage\"},\"thumbnailUrl\":\"https:\\\/\\\/artespolaintegracion.gal\\\/wp-content\\\/uploads\\\/2022\\\/06\\\/la-danza-del-yo-eudanza2.jpg\",\"datePublished\":\"2022-06-13T09:12:25+00:00\",\"dateModified\":\"2022-06-13T11:15:31+00:00\",\"author\":{\"@id\":\"https:\\\/\\\/maroon-squid-270101.hostingersite.com\\\/#\\\/schema\\\/person\\\/00ed91f5a8926c2cc2c05a0809605f5a\"},\"breadcrumb\":{\"@id\":\"https:\\\/\\\/artespolaintegracion.gal\\\/la-danza-del-yo-eudanza\\\/#breadcrumb\"},\"inLanguage\":\"es\",\"potentialAction\":[{\"@type\":\"ReadAction\",\"target\":[\"https:\\\/\\\/artespolaintegracion.gal\\\/la-danza-del-yo-eudanza\\\/\"]}]},{\"@type\":\"ImageObject\",\"inLanguage\":\"es\",\"@id\":\"https:\\\/\\\/artespolaintegracion.gal\\\/la-danza-del-yo-eudanza\\\/#primaryimage\",\"url\":\"https:\\\/\\\/artespolaintegracion.gal\\\/wp-content\\\/uploads\\\/2022\\\/06\\\/la-danza-del-yo-eudanza2.jpg\",\"contentUrl\":\"https:\\\/\\\/artespolaintegracion.gal\\\/wp-content\\\/uploads\\\/2022\\\/06\\\/la-danza-del-yo-eudanza2.jpg\",\"width\":1101,\"height\":611,\"caption\":\"La Danza del Yo Eudanza\"},{\"@type\":\"BreadcrumbList\",\"@id\":\"https:\\\/\\\/artespolaintegracion.gal\\\/la-danza-del-yo-eudanza\\\/#breadcrumb\",\"itemListElement\":[{\"@type\":\"ListItem\",\"position\":1,\"name\":\"Home\",\"item\":\"https:\\\/\\\/artespolaintegracion.gal\\\/es\\\/\"},{\"@type\":\"ListItem\",\"position\":2,\"name\":\"La Danza del Yo Eudanza\"}]},{\"@type\":\"WebSite\",\"@id\":\"https:\\\/\\\/maroon-squid-270101.hostingersite.com\\\/#website\",\"url\":\"https:\\\/\\\/maroon-squid-270101.hostingersite.com\\\/\",\"name\":\"Artes Pola Integraci\u00f3n\",\"description\":\"Artes esc\u00e9nicas, artes visuais, mesas de reflexi\u00f3n\",\"potentialAction\":[{\"@type\":\"SearchAction\",\"target\":{\"@type\":\"EntryPoint\",\"urlTemplate\":\"https:\\\/\\\/maroon-squid-270101.hostingersite.com\\\/?s={search_term_string}\"},\"query-input\":{\"@type\":\"PropertyValueSpecification\",\"valueRequired\":true,\"valueName\":\"search_term_string\"}}],\"inLanguage\":\"es\"},{\"@type\":\"Person\",\"@id\":\"https:\\\/\\\/maroon-squid-270101.hostingersite.com\\\/#\\\/schema\\\/person\\\/00ed91f5a8926c2cc2c05a0809605f5a\",\"name\":\"agus\",\"image\":{\"@type\":\"ImageObject\",\"inLanguage\":\"es\",\"@id\":\"https:\\\/\\\/secure.gravatar.com\\\/avatar\\\/c3b27880696483c480aaaa306a46578e48ba28b22f93adff881cfd783369d04a?s=96&d=mm&r=g\",\"url\":\"https:\\\/\\\/secure.gravatar.com\\\/avatar\\\/c3b27880696483c480aaaa306a46578e48ba28b22f93adff881cfd783369d04a?s=96&d=mm&r=g\",\"contentUrl\":\"https:\\\/\\\/secure.gravatar.com\\\/avatar\\\/c3b27880696483c480aaaa306a46578e48ba28b22f93adff881cfd783369d04a?s=96&d=mm&r=g\",\"caption\":\"agus\"},\"url\":\"https:\\\/\\\/artespolaintegracion.gal\\\/es\\\/author\\\/agus\\\/\"}]}<\/script>\n<!-- \/ Yoast SEO plugin. -->","yoast_head_json":{"title":"La Danza del Yo Eudanza - Artes Pola Integraci\u00f3n","robots":{"index":"index","follow":"follow","max-snippet":"max-snippet:-1","max-image-preview":"max-image-preview:large","max-video-preview":"max-video-preview:-1"},"canonical":"https:\/\/artespolaintegracion.gal\/la-danza-del-yo-eudanza\/","og_locale":"es_ES","og_type":"article","og_title":"La Danza del Yo Eudanza - Artes Pola Integraci\u00f3n","og_description":"Compa\u00f1\u00eda de danza integrada del Colegio O Pelouro en Caldelas de Tui.\u2028 Despu\u00e9s de los eventos vividos durante la pandemia, se estrena este espect\u00e1culo como motor de vida, impulso y cuidado de las relaciones humanas, donde la integraci\u00f3n del ser humano tenga su lugar. \u00abEl\u00a0Grupo EUDANZA, es un ejemplo de integraci\u00f3n \u00abvivo\u00bb, din\u00e1mico, vivencial, de [&hellip;]","og_url":"https:\/\/artespolaintegracion.gal\/la-danza-del-yo-eudanza\/","og_site_name":"Artes Pola Integraci\u00f3n","article_published_time":"2022-06-13T09:12:25+00:00","article_modified_time":"2022-06-13T11:15:31+00:00","og_image":[{"width":1101,"height":611,"url":"https:\/\/artespolaintegracion.gal\/wp-content\/uploads\/2022\/06\/la-danza-del-yo-eudanza2.jpg","type":"image\/jpeg"}],"author":"agus","twitter_card":"summary_large_image","twitter_misc":{"Escrito por":"agus","Tiempo de lectura":"1 minuto"},"schema":{"@context":"https:\/\/schema.org","@graph":[{"@type":"Article","@id":"https:\/\/artespolaintegracion.gal\/la-danza-del-yo-eudanza\/#article","isPartOf":{"@id":"https:\/\/artespolaintegracion.gal\/la-danza-del-yo-eudanza\/"},"author":{"name":"agus","@id":"https:\/\/maroon-squid-270101.hostingersite.com\/#\/schema\/person\/00ed91f5a8926c2cc2c05a0809605f5a"},"headline":"La Danza del Yo Eudanza","datePublished":"2022-06-13T09:12:25+00:00","dateModified":"2022-06-13T11:15:31+00:00","mainEntityOfPage":{"@id":"https:\/\/artespolaintegracion.gal\/la-danza-del-yo-eudanza\/"},"wordCount":150,"image":{"@id":"https:\/\/artespolaintegracion.gal\/la-danza-del-yo-eudanza\/#primaryimage"},"thumbnailUrl":"https:\/\/artespolaintegracion.gal\/wp-content\/uploads\/2022\/06\/la-danza-del-yo-eudanza2.jpg","articleSection":["XI Artes Pola Integracion"],"inLanguage":"es"},{"@type":"WebPage","@id":"https:\/\/artespolaintegracion.gal\/la-danza-del-yo-eudanza\/","url":"https:\/\/artespolaintegracion.gal\/la-danza-del-yo-eudanza\/","name":"La Danza del Yo Eudanza - Artes Pola Integraci\u00f3n","isPartOf":{"@id":"https:\/\/maroon-squid-270101.hostingersite.com\/#website"},"primaryImageOfPage":{"@id":"https:\/\/artespolaintegracion.gal\/la-danza-del-yo-eudanza\/#primaryimage"},"image":{"@id":"https:\/\/artespolaintegracion.gal\/la-danza-del-yo-eudanza\/#primaryimage"},"thumbnailUrl":"https:\/\/artespolaintegracion.gal\/wp-content\/uploads\/2022\/06\/la-danza-del-yo-eudanza2.jpg","datePublished":"2022-06-13T09:12:25+00:00","dateModified":"2022-06-13T11:15:31+00:00","author":{"@id":"https:\/\/maroon-squid-270101.hostingersite.com\/#\/schema\/person\/00ed91f5a8926c2cc2c05a0809605f5a"},"breadcrumb":{"@id":"https:\/\/artespolaintegracion.gal\/la-danza-del-yo-eudanza\/#breadcrumb"},"inLanguage":"es","potentialAction":[{"@type":"ReadAction","target":["https:\/\/artespolaintegracion.gal\/la-danza-del-yo-eudanza\/"]}]},{"@type":"ImageObject","inLanguage":"es","@id":"https:\/\/artespolaintegracion.gal\/la-danza-del-yo-eudanza\/#primaryimage","url":"https:\/\/artespolaintegracion.gal\/wp-content\/uploads\/2022\/06\/la-danza-del-yo-eudanza2.jpg","contentUrl":"https:\/\/artespolaintegracion.gal\/wp-content\/uploads\/2022\/06\/la-danza-del-yo-eudanza2.jpg","width":1101,"height":611,"caption":"La Danza del Yo Eudanza"},{"@type":"BreadcrumbList","@id":"https:\/\/artespolaintegracion.gal\/la-danza-del-yo-eudanza\/#breadcrumb","itemListElement":[{"@type":"ListItem","position":1,"name":"Home","item":"https:\/\/artespolaintegracion.gal\/es\/"},{"@type":"ListItem","position":2,"name":"La Danza del Yo Eudanza"}]},{"@type":"WebSite","@id":"https:\/\/maroon-squid-270101.hostingersite.com\/#website","url":"https:\/\/maroon-squid-270101.hostingersite.com\/","name":"Artes Pola Integraci\u00f3n","description":"Artes esc\u00e9nicas, artes visuais, mesas de reflexi\u00f3n","potentialAction":[{"@type":"SearchAction","target":{"@type":"EntryPoint","urlTemplate":"https:\/\/maroon-squid-270101.hostingersite.com\/?s={search_term_string}"},"query-input":{"@type":"PropertyValueSpecification","valueRequired":true,"valueName":"search_term_string"}}],"inLanguage":"es"},{"@type":"Person","@id":"https:\/\/maroon-squid-270101.hostingersite.com\/#\/schema\/person\/00ed91f5a8926c2cc2c05a0809605f5a","name":"agus","image":{"@type":"ImageObject","inLanguage":"es","@id":"https:\/\/secure.gravatar.com\/avatar\/c3b27880696483c480aaaa306a46578e48ba28b22f93adff881cfd783369d04a?s=96&d=mm&r=g","url":"https:\/\/secure.gravatar.com\/avatar\/c3b27880696483c480aaaa306a46578e48ba28b22f93adff881cfd783369d04a?s=96&d=mm&r=g","contentUrl":"https:\/\/secure.gravatar.com\/avatar\/c3b27880696483c480aaaa306a46578e48ba28b22f93adff881cfd783369d04a?s=96&d=mm&r=g","caption":"agus"},"url":"https:\/\/artespolaintegracion.gal\/es\/author\/agus\/"}]}},"_links":{"self":[{"href":"https:\/\/artespolaintegracion.gal\/es\/wp-json\/wp\/v2\/posts\/692","targetHints":{"allow":["GET"]}}],"collection":[{"href":"https:\/\/artespolaintegracion.gal\/es\/wp-json\/wp\/v2\/posts"}],"about":[{"href":"https:\/\/artespolaintegracion.gal\/es\/wp-json\/wp\/v2\/types\/post"}],"author":[{"embeddable":true,"href":"https:\/\/artespolaintegracion.gal\/es\/wp-json\/wp\/v2\/users\/1"}],"replies":[{"embeddable":true,"href":"https:\/\/artespolaintegracion.gal\/es\/wp-json\/wp\/v2\/comments?post=692"}],"version-history":[{"count":1,"href":"https:\/\/artespolaintegracion.gal\/es\/wp-json\/wp\/v2\/posts\/692\/revisions"}],"predecessor-version":[{"id":693,"href":"https:\/\/artespolaintegracion.gal\/es\/wp-json\/wp\/v2\/posts\/692\/revisions\/693"}],"wp:featuredmedia":[{"embeddable":true,"href":"https:\/\/artespolaintegracion.gal\/es\/wp-json\/wp\/v2\/media\/690"}],"wp:attachment":[{"href":"https:\/\/artespolaintegracion.gal\/es\/wp-json\/wp\/v2\/media?parent=692"}],"wp:term":[{"taxonomy":"category","embeddable":true,"href":"https:\/\/artespolaintegracion.gal\/es\/wp-json\/wp\/v2\/categories?post=692"},{"taxonomy":"post_tag","embeddable":true,"href":"https:\/\/artespolaintegracion.gal\/es\/wp-json\/wp\/v2\/tags?post=692"}],"curies":[{"name":"wp","href":"https:\/\/api.w.org\/{rel}","templated":true}]}}