{"id":686,"date":"2022-06-13T09:05:14","date_gmt":"2022-06-13T09:05:14","guid":{"rendered":"https:\/\/maroon-squid-270101.hostingersite.com\/?p=686"},"modified":"2022-06-13T11:15:37","modified_gmt":"2022-06-13T11:15:37","slug":"arnasa-organik-dantza-e-sil-producciones","status":"publish","type":"post","link":"https:\/\/artespolaintegracion.gal\/es\/arnasa-organik-dantza-e-sil-producciones\/","title":{"rendered":"Arnasa Organik Dantza e Sil Producciones"},"content":{"rendered":"<p>Respirar deber\u00eda ser tan sencillo como mirar, escuchar, sentarse, hablar, bailar, cantar, comerse un pl\u00e1tano o andar en monopat\u00edn. Pero no lo es. \u00bfQu\u00e9 ocurre con la respiraci\u00f3n cuando una situaci\u00f3n nos altera? Cuando nos quedamos en apnea, \u00bfqu\u00e9 ocurre cuando entra aire, pero no puede salir y se queda todo parado por unos segundos? No se puede dejar de respirar, aunque se quiera, ni por un momento\u2026 Estamos condenados a mantener la respiraci\u00f3n, a vivir con ella y sus altibajos, a convivir con sus particularidades y sus exc\u00e9ntricas reacciones.<\/p>\n<p>Arnasa viaja por todas esas sensaciones tan diversas que nos provoca la respiraci\u00f3n: desde esos momentos de plenitud total en los que nos sentimos \u00edntimamente conectadas; hasta esos momentos oscuros, irreversibles, en los que la falta o exceso de aire se apodera de nosotros, de nuestro consciente y de nuestra voluntad.<\/p>\n","protected":false},"excerpt":{"rendered":"<p>Respirar deber\u00eda ser tan sencillo como mirar, escuchar, sentarse, hablar, bailar, cantar, comerse un pl\u00e1tano o andar en monopat\u00edn. Pero no lo es. \u00bfQu\u00e9 ocurre con la respiraci\u00f3n cuando una situaci\u00f3n nos altera? Cuando nos quedamos en apnea, \u00bfqu\u00e9 ocurre cuando entra aire, pero no puede salir y se queda todo parado por unos segundos? [&hellip;]<\/p>\n","protected":false},"author":1,"featured_media":683,"comment_status":"closed","ping_status":"open","sticky":false,"template":"","format":"standard","meta":{"_et_pb_use_builder":"","_et_pb_old_content":"","_et_gb_content_width":"","footnotes":""},"categories":[19],"tags":[],"class_list":["post-686","post","type-post","status-publish","format-standard","has-post-thumbnail","hentry","category-xi-artespolaintegracion"],"yoast_head":"<!-- This site is optimized with the Yoast SEO plugin v27.3 - https:\/\/yoast.com\/product\/yoast-seo-wordpress\/ -->\n<title>Arnasa Organik Dantza e Sil Producciones - Artes Pola Integraci\u00f3n<\/title>\n<meta name=\"robots\" content=\"index, follow, max-snippet:-1, max-image-preview:large, max-video-preview:-1\" \/>\n<link rel=\"canonical\" href=\"https:\/\/artespolaintegracion.gal\/es\/arnasa-organik-dantza-e-sil-producciones\/\" \/>\n<meta property=\"og:locale\" content=\"es_ES\" \/>\n<meta property=\"og:type\" content=\"article\" \/>\n<meta property=\"og:title\" content=\"Arnasa Organik Dantza e Sil Producciones - Artes Pola Integraci\u00f3n\" \/>\n<meta property=\"og:description\" content=\"Respirar deber\u00eda ser tan sencillo como mirar, escuchar, sentarse, hablar, bailar, cantar, comerse un pl\u00e1tano o andar en monopat\u00edn. Pero no lo es. \u00bfQu\u00e9 ocurre con la respiraci\u00f3n cuando una situaci\u00f3n nos altera? Cuando nos quedamos en apnea, \u00bfqu\u00e9 ocurre cuando entra aire, pero no puede salir y se queda todo parado por unos segundos? [&hellip;]\" \/>\n<meta property=\"og:url\" content=\"https:\/\/artespolaintegracion.gal\/es\/arnasa-organik-dantza-e-sil-producciones\/\" \/>\n<meta property=\"og:site_name\" content=\"Artes Pola Integraci\u00f3n\" \/>\n<meta property=\"article:published_time\" content=\"2022-06-13T09:05:14+00:00\" \/>\n<meta property=\"article:modified_time\" content=\"2022-06-13T11:15:37+00:00\" \/>\n<meta property=\"og:image\" content=\"https:\/\/artespolaintegracion.gal\/wp-content\/uploads\/2022\/06\/arnasa-organik.jpg\" \/>\n\t<meta property=\"og:image:width\" content=\"1102\" \/>\n\t<meta property=\"og:image:height\" content=\"660\" \/>\n\t<meta property=\"og:image:type\" content=\"image\/jpeg\" \/>\n<meta name=\"author\" content=\"agus\" \/>\n<meta name=\"twitter:card\" content=\"summary_large_image\" \/>\n<meta name=\"twitter:label1\" content=\"Escrito por\" \/>\n\t<meta name=\"twitter:data1\" content=\"agus\" \/>\n\t<meta name=\"twitter:label2\" content=\"Tiempo de lectura\" \/>\n\t<meta name=\"twitter:data2\" content=\"1 minuto\" \/>\n<script type=\"application\/ld+json\" class=\"yoast-schema-graph\">{\"@context\":\"https:\\\/\\\/schema.org\",\"@graph\":[{\"@type\":\"Article\",\"@id\":\"https:\\\/\\\/artespolaintegracion.gal\\\/es\\\/arnasa-organik-dantza-e-sil-producciones\\\/#article\",\"isPartOf\":{\"@id\":\"https:\\\/\\\/artespolaintegracion.gal\\\/es\\\/arnasa-organik-dantza-e-sil-producciones\\\/\"},\"author\":{\"name\":\"agus\",\"@id\":\"https:\\\/\\\/maroon-squid-270101.hostingersite.com\\\/#\\\/schema\\\/person\\\/00ed91f5a8926c2cc2c05a0809605f5a\"},\"headline\":\"Arnasa Organik Dantza e Sil Producciones\",\"datePublished\":\"2022-06-13T09:05:14+00:00\",\"dateModified\":\"2022-06-13T11:15:37+00:00\",\"mainEntityOfPage\":{\"@id\":\"https:\\\/\\\/artespolaintegracion.gal\\\/es\\\/arnasa-organik-dantza-e-sil-producciones\\\/\"},\"wordCount\":155,\"image\":{\"@id\":\"https:\\\/\\\/artespolaintegracion.gal\\\/es\\\/arnasa-organik-dantza-e-sil-producciones\\\/#primaryimage\"},\"thumbnailUrl\":\"https:\\\/\\\/artespolaintegracion.gal\\\/wp-content\\\/uploads\\\/2022\\\/06\\\/arnasa-organik.jpg\",\"articleSection\":[\"XI Artes Pola Integracion\"],\"inLanguage\":\"es\"},{\"@type\":\"WebPage\",\"@id\":\"https:\\\/\\\/artespolaintegracion.gal\\\/es\\\/arnasa-organik-dantza-e-sil-producciones\\\/\",\"url\":\"https:\\\/\\\/artespolaintegracion.gal\\\/es\\\/arnasa-organik-dantza-e-sil-producciones\\\/\",\"name\":\"Arnasa Organik Dantza e Sil Producciones - Artes Pola Integraci\u00f3n\",\"isPartOf\":{\"@id\":\"https:\\\/\\\/maroon-squid-270101.hostingersite.com\\\/#website\"},\"primaryImageOfPage\":{\"@id\":\"https:\\\/\\\/artespolaintegracion.gal\\\/es\\\/arnasa-organik-dantza-e-sil-producciones\\\/#primaryimage\"},\"image\":{\"@id\":\"https:\\\/\\\/artespolaintegracion.gal\\\/es\\\/arnasa-organik-dantza-e-sil-producciones\\\/#primaryimage\"},\"thumbnailUrl\":\"https:\\\/\\\/artespolaintegracion.gal\\\/wp-content\\\/uploads\\\/2022\\\/06\\\/arnasa-organik.jpg\",\"datePublished\":\"2022-06-13T09:05:14+00:00\",\"dateModified\":\"2022-06-13T11:15:37+00:00\",\"author\":{\"@id\":\"https:\\\/\\\/maroon-squid-270101.hostingersite.com\\\/#\\\/schema\\\/person\\\/00ed91f5a8926c2cc2c05a0809605f5a\"},\"breadcrumb\":{\"@id\":\"https:\\\/\\\/artespolaintegracion.gal\\\/es\\\/arnasa-organik-dantza-e-sil-producciones\\\/#breadcrumb\"},\"inLanguage\":\"es\",\"potentialAction\":[{\"@type\":\"ReadAction\",\"target\":[\"https:\\\/\\\/artespolaintegracion.gal\\\/es\\\/arnasa-organik-dantza-e-sil-producciones\\\/\"]}]},{\"@type\":\"ImageObject\",\"inLanguage\":\"es\",\"@id\":\"https:\\\/\\\/artespolaintegracion.gal\\\/es\\\/arnasa-organik-dantza-e-sil-producciones\\\/#primaryimage\",\"url\":\"https:\\\/\\\/artespolaintegracion.gal\\\/wp-content\\\/uploads\\\/2022\\\/06\\\/arnasa-organik.jpg\",\"contentUrl\":\"https:\\\/\\\/artespolaintegracion.gal\\\/wp-content\\\/uploads\\\/2022\\\/06\\\/arnasa-organik.jpg\",\"width\":1102,\"height\":660,\"caption\":\"Arnasa Organik\"},{\"@type\":\"BreadcrumbList\",\"@id\":\"https:\\\/\\\/artespolaintegracion.gal\\\/es\\\/arnasa-organik-dantza-e-sil-producciones\\\/#breadcrumb\",\"itemListElement\":[{\"@type\":\"ListItem\",\"position\":1,\"name\":\"Home\",\"item\":\"https:\\\/\\\/artespolaintegracion.gal\\\/es\\\/\"},{\"@type\":\"ListItem\",\"position\":2,\"name\":\"Arnasa Organik Dantza e Sil Producciones\"}]},{\"@type\":\"WebSite\",\"@id\":\"https:\\\/\\\/maroon-squid-270101.hostingersite.com\\\/#website\",\"url\":\"https:\\\/\\\/maroon-squid-270101.hostingersite.com\\\/\",\"name\":\"Artes Pola Integraci\u00f3n\",\"description\":\"Artes esc\u00e9nicas, artes visuais, mesas de reflexi\u00f3n\",\"potentialAction\":[{\"@type\":\"SearchAction\",\"target\":{\"@type\":\"EntryPoint\",\"urlTemplate\":\"https:\\\/\\\/maroon-squid-270101.hostingersite.com\\\/?s={search_term_string}\"},\"query-input\":{\"@type\":\"PropertyValueSpecification\",\"valueRequired\":true,\"valueName\":\"search_term_string\"}}],\"inLanguage\":\"es\"},{\"@type\":\"Person\",\"@id\":\"https:\\\/\\\/maroon-squid-270101.hostingersite.com\\\/#\\\/schema\\\/person\\\/00ed91f5a8926c2cc2c05a0809605f5a\",\"name\":\"agus\",\"image\":{\"@type\":\"ImageObject\",\"inLanguage\":\"es\",\"@id\":\"https:\\\/\\\/secure.gravatar.com\\\/avatar\\\/c3b27880696483c480aaaa306a46578e48ba28b22f93adff881cfd783369d04a?s=96&d=mm&r=g\",\"url\":\"https:\\\/\\\/secure.gravatar.com\\\/avatar\\\/c3b27880696483c480aaaa306a46578e48ba28b22f93adff881cfd783369d04a?s=96&d=mm&r=g\",\"contentUrl\":\"https:\\\/\\\/secure.gravatar.com\\\/avatar\\\/c3b27880696483c480aaaa306a46578e48ba28b22f93adff881cfd783369d04a?s=96&d=mm&r=g\",\"caption\":\"agus\"},\"url\":\"https:\\\/\\\/artespolaintegracion.gal\\\/es\\\/author\\\/agus\\\/\"}]}<\/script>\n<!-- \/ Yoast SEO plugin. -->","yoast_head_json":{"title":"Arnasa Organik Dantza e Sil Producciones - Artes Pola Integraci\u00f3n","robots":{"index":"index","follow":"follow","max-snippet":"max-snippet:-1","max-image-preview":"max-image-preview:large","max-video-preview":"max-video-preview:-1"},"canonical":"https:\/\/artespolaintegracion.gal\/es\/arnasa-organik-dantza-e-sil-producciones\/","og_locale":"es_ES","og_type":"article","og_title":"Arnasa Organik Dantza e Sil Producciones - Artes Pola Integraci\u00f3n","og_description":"Respirar deber\u00eda ser tan sencillo como mirar, escuchar, sentarse, hablar, bailar, cantar, comerse un pl\u00e1tano o andar en monopat\u00edn. Pero no lo es. \u00bfQu\u00e9 ocurre con la respiraci\u00f3n cuando una situaci\u00f3n nos altera? Cuando nos quedamos en apnea, \u00bfqu\u00e9 ocurre cuando entra aire, pero no puede salir y se queda todo parado por unos segundos? [&hellip;]","og_url":"https:\/\/artespolaintegracion.gal\/es\/arnasa-organik-dantza-e-sil-producciones\/","og_site_name":"Artes Pola Integraci\u00f3n","article_published_time":"2022-06-13T09:05:14+00:00","article_modified_time":"2022-06-13T11:15:37+00:00","og_image":[{"width":1102,"height":660,"url":"https:\/\/artespolaintegracion.gal\/wp-content\/uploads\/2022\/06\/arnasa-organik.jpg","type":"image\/jpeg"}],"author":"agus","twitter_card":"summary_large_image","twitter_misc":{"Escrito por":"agus","Tiempo de lectura":"1 minuto"},"schema":{"@context":"https:\/\/schema.org","@graph":[{"@type":"Article","@id":"https:\/\/artespolaintegracion.gal\/es\/arnasa-organik-dantza-e-sil-producciones\/#article","isPartOf":{"@id":"https:\/\/artespolaintegracion.gal\/es\/arnasa-organik-dantza-e-sil-producciones\/"},"author":{"name":"agus","@id":"https:\/\/maroon-squid-270101.hostingersite.com\/#\/schema\/person\/00ed91f5a8926c2cc2c05a0809605f5a"},"headline":"Arnasa Organik Dantza e Sil Producciones","datePublished":"2022-06-13T09:05:14+00:00","dateModified":"2022-06-13T11:15:37+00:00","mainEntityOfPage":{"@id":"https:\/\/artespolaintegracion.gal\/es\/arnasa-organik-dantza-e-sil-producciones\/"},"wordCount":155,"image":{"@id":"https:\/\/artespolaintegracion.gal\/es\/arnasa-organik-dantza-e-sil-producciones\/#primaryimage"},"thumbnailUrl":"https:\/\/artespolaintegracion.gal\/wp-content\/uploads\/2022\/06\/arnasa-organik.jpg","articleSection":["XI Artes Pola Integracion"],"inLanguage":"es"},{"@type":"WebPage","@id":"https:\/\/artespolaintegracion.gal\/es\/arnasa-organik-dantza-e-sil-producciones\/","url":"https:\/\/artespolaintegracion.gal\/es\/arnasa-organik-dantza-e-sil-producciones\/","name":"Arnasa Organik Dantza e Sil Producciones - Artes Pola Integraci\u00f3n","isPartOf":{"@id":"https:\/\/maroon-squid-270101.hostingersite.com\/#website"},"primaryImageOfPage":{"@id":"https:\/\/artespolaintegracion.gal\/es\/arnasa-organik-dantza-e-sil-producciones\/#primaryimage"},"image":{"@id":"https:\/\/artespolaintegracion.gal\/es\/arnasa-organik-dantza-e-sil-producciones\/#primaryimage"},"thumbnailUrl":"https:\/\/artespolaintegracion.gal\/wp-content\/uploads\/2022\/06\/arnasa-organik.jpg","datePublished":"2022-06-13T09:05:14+00:00","dateModified":"2022-06-13T11:15:37+00:00","author":{"@id":"https:\/\/maroon-squid-270101.hostingersite.com\/#\/schema\/person\/00ed91f5a8926c2cc2c05a0809605f5a"},"breadcrumb":{"@id":"https:\/\/artespolaintegracion.gal\/es\/arnasa-organik-dantza-e-sil-producciones\/#breadcrumb"},"inLanguage":"es","potentialAction":[{"@type":"ReadAction","target":["https:\/\/artespolaintegracion.gal\/es\/arnasa-organik-dantza-e-sil-producciones\/"]}]},{"@type":"ImageObject","inLanguage":"es","@id":"https:\/\/artespolaintegracion.gal\/es\/arnasa-organik-dantza-e-sil-producciones\/#primaryimage","url":"https:\/\/artespolaintegracion.gal\/wp-content\/uploads\/2022\/06\/arnasa-organik.jpg","contentUrl":"https:\/\/artespolaintegracion.gal\/wp-content\/uploads\/2022\/06\/arnasa-organik.jpg","width":1102,"height":660,"caption":"Arnasa Organik"},{"@type":"BreadcrumbList","@id":"https:\/\/artespolaintegracion.gal\/es\/arnasa-organik-dantza-e-sil-producciones\/#breadcrumb","itemListElement":[{"@type":"ListItem","position":1,"name":"Home","item":"https:\/\/artespolaintegracion.gal\/es\/"},{"@type":"ListItem","position":2,"name":"Arnasa Organik Dantza e Sil Producciones"}]},{"@type":"WebSite","@id":"https:\/\/maroon-squid-270101.hostingersite.com\/#website","url":"https:\/\/maroon-squid-270101.hostingersite.com\/","name":"Artes Pola Integraci\u00f3n","description":"Artes esc\u00e9nicas, artes visuais, mesas de reflexi\u00f3n","potentialAction":[{"@type":"SearchAction","target":{"@type":"EntryPoint","urlTemplate":"https:\/\/maroon-squid-270101.hostingersite.com\/?s={search_term_string}"},"query-input":{"@type":"PropertyValueSpecification","valueRequired":true,"valueName":"search_term_string"}}],"inLanguage":"es"},{"@type":"Person","@id":"https:\/\/maroon-squid-270101.hostingersite.com\/#\/schema\/person\/00ed91f5a8926c2cc2c05a0809605f5a","name":"agus","image":{"@type":"ImageObject","inLanguage":"es","@id":"https:\/\/secure.gravatar.com\/avatar\/c3b27880696483c480aaaa306a46578e48ba28b22f93adff881cfd783369d04a?s=96&d=mm&r=g","url":"https:\/\/secure.gravatar.com\/avatar\/c3b27880696483c480aaaa306a46578e48ba28b22f93adff881cfd783369d04a?s=96&d=mm&r=g","contentUrl":"https:\/\/secure.gravatar.com\/avatar\/c3b27880696483c480aaaa306a46578e48ba28b22f93adff881cfd783369d04a?s=96&d=mm&r=g","caption":"agus"},"url":"https:\/\/artespolaintegracion.gal\/es\/author\/agus\/"}]}},"_links":{"self":[{"href":"https:\/\/artespolaintegracion.gal\/es\/wp-json\/wp\/v2\/posts\/686","targetHints":{"allow":["GET"]}}],"collection":[{"href":"https:\/\/artespolaintegracion.gal\/es\/wp-json\/wp\/v2\/posts"}],"about":[{"href":"https:\/\/artespolaintegracion.gal\/es\/wp-json\/wp\/v2\/types\/post"}],"author":[{"embeddable":true,"href":"https:\/\/artespolaintegracion.gal\/es\/wp-json\/wp\/v2\/users\/1"}],"replies":[{"embeddable":true,"href":"https:\/\/artespolaintegracion.gal\/es\/wp-json\/wp\/v2\/comments?post=686"}],"version-history":[{"count":1,"href":"https:\/\/artespolaintegracion.gal\/es\/wp-json\/wp\/v2\/posts\/686\/revisions"}],"predecessor-version":[{"id":687,"href":"https:\/\/artespolaintegracion.gal\/es\/wp-json\/wp\/v2\/posts\/686\/revisions\/687"}],"wp:featuredmedia":[{"embeddable":true,"href":"https:\/\/artespolaintegracion.gal\/es\/wp-json\/wp\/v2\/media\/683"}],"wp:attachment":[{"href":"https:\/\/artespolaintegracion.gal\/es\/wp-json\/wp\/v2\/media?parent=686"}],"wp:term":[{"taxonomy":"category","embeddable":true,"href":"https:\/\/artespolaintegracion.gal\/es\/wp-json\/wp\/v2\/categories?post=686"},{"taxonomy":"post_tag","embeddable":true,"href":"https:\/\/artespolaintegracion.gal\/es\/wp-json\/wp\/v2\/tags?post=686"}],"curies":[{"name":"wp","href":"https:\/\/api.w.org\/{rel}","templated":true}]}}