{"id":1260,"date":"2024-05-21T02:09:28","date_gmt":"2024-05-21T02:09:28","guid":{"rendered":"https:\/\/maroon-squid-270101.hostingersite.com\/concurso-de-piezas-para-la-counidade\/"},"modified":"2024-05-21T03:21:34","modified_gmt":"2024-05-21T03:21:34","slug":"concurso-de-piezas-para-la-counidade","status":"publish","type":"post","link":"https:\/\/artespolaintegracion.gal\/es\/concurso-de-piezas-para-la-counidade\/","title":{"rendered":"Concurso de piezas para la counidade"},"content":{"rendered":"<p>S\u00c1BADO 6 DE JULIO<\/p>\n<p>PARQUE DE BONAVAL, SANTIAGO<br \/>\nDE COMPOSTELA<\/p>\n<p>DE 18:00 A 21:00HORAS<\/p>\n<p>DOMINGO 7 DE JULIO<br \/>\nX\u00c1RDINS DE M\u00c9NDEZ N\u00da\u00d1EZ, A<br \/>\nCORU\u00d1A<\/p>\n<p>DE 12:00 A 14:00HORAS<\/p>\n<p>CONCURSO DE PIEZAS<br \/>\nPARA La COMUNIDAD<br \/>\nPRESENTA ADRIANA PAULOS<\/p>\n<p>Se abrir\u00e1 una convocatoria para grupos formados por desde una ata a un m\u00e1ximo de cinco int\u00e9rpretes que presenten una pieza propia de un m\u00e1ximo de duraci\u00f3n de 15 minutos. La obra podr\u00e1 contamplar tanto las artes esc\u00e9nicas como las musicales y alguno de sus int\u00e9rpretes debe tener reconocida alguna discapacidad f\u00edsica o ps\u00edquica.<\/p>\n<p>Se entregar\u00e1n dos premios de 500 euros cada uno entre las piezas finalmente galardonadas por un jurado formado por creadores y creadoras de diferentes disciplinas y un \u201cjurado ni\u00f1o\u201d compuesto por ni\u00f1as y ni\u00f1os de 8 a 14 a\u00f1os.<\/p>\n","protected":false},"excerpt":{"rendered":"<p>S\u00c1BADO 6 DE JULIO PARQUE DE BONAVAL, SANTIAGO DE COMPOSTELA DE 18:00 A 21:00HORAS DOMINGO 7 DE JULIO X\u00c1RDINS DE M\u00c9NDEZ N\u00da\u00d1EZ, A CORU\u00d1A DE 12:00 A 14:00HORAS CONCURSO DE PIEZAS PARA La COMUNIDAD PRESENTA ADRIANA PAULOS Se abrir\u00e1 una convocatoria para grupos formados por desde una ata a un m\u00e1ximo de cinco int\u00e9rpretes que [&hellip;]<\/p>\n","protected":false},"author":1,"featured_media":1214,"comment_status":"closed","ping_status":"open","sticky":false,"template":"","format":"standard","meta":{"_et_pb_use_builder":"","_et_pb_old_content":"","_et_gb_content_width":"","footnotes":""},"categories":[27],"tags":[],"class_list":["post-1260","post","type-post","status-publish","format-standard","has-post-thumbnail","hentry","category-xiii-artes-pola-integracion-es"],"yoast_head":"<!-- This site is optimized with the Yoast SEO plugin v27.3 - https:\/\/yoast.com\/product\/yoast-seo-wordpress\/ -->\n<title>Concurso de piezas para la counidade - Artes Pola Integraci\u00f3n<\/title>\n<meta name=\"robots\" content=\"index, follow, max-snippet:-1, max-image-preview:large, max-video-preview:-1\" \/>\n<link rel=\"canonical\" href=\"https:\/\/artespolaintegracion.gal\/es\/concurso-de-piezas-para-la-counidade\/\" \/>\n<meta property=\"og:locale\" content=\"es_ES\" \/>\n<meta property=\"og:type\" content=\"article\" \/>\n<meta property=\"og:title\" content=\"Concurso de piezas para la counidade - Artes Pola Integraci\u00f3n\" \/>\n<meta property=\"og:description\" content=\"S\u00c1BADO 6 DE JULIO PARQUE DE BONAVAL, SANTIAGO DE COMPOSTELA DE 18:00 A 21:00HORAS DOMINGO 7 DE JULIO X\u00c1RDINS DE M\u00c9NDEZ N\u00da\u00d1EZ, A CORU\u00d1A DE 12:00 A 14:00HORAS CONCURSO DE PIEZAS PARA La COMUNIDAD PRESENTA ADRIANA PAULOS Se abrir\u00e1 una convocatoria para grupos formados por desde una ata a un m\u00e1ximo de cinco int\u00e9rpretes que [&hellip;]\" \/>\n<meta property=\"og:url\" content=\"https:\/\/artespolaintegracion.gal\/es\/concurso-de-piezas-para-la-counidade\/\" \/>\n<meta property=\"og:site_name\" content=\"Artes Pola Integraci\u00f3n\" \/>\n<meta property=\"article:published_time\" content=\"2024-05-21T02:09:28+00:00\" \/>\n<meta property=\"article:modified_time\" content=\"2024-05-21T03:21:34+00:00\" \/>\n<meta property=\"og:image\" content=\"https:\/\/artespolaintegracion.gal\/wp-content\/uploads\/2024\/05\/concurso-de-pezas-para-a-comunidade.jpg\" \/>\n\t<meta property=\"og:image:width\" content=\"620\" \/>\n\t<meta property=\"og:image:height\" content=\"633\" \/>\n\t<meta property=\"og:image:type\" content=\"image\/jpeg\" \/>\n<meta name=\"author\" content=\"agus\" \/>\n<meta name=\"twitter:card\" content=\"summary_large_image\" \/>\n<meta name=\"twitter:label1\" content=\"Escrito por\" \/>\n\t<meta name=\"twitter:data1\" content=\"agus\" \/>\n\t<meta name=\"twitter:label2\" content=\"Tiempo de lectura\" \/>\n\t<meta name=\"twitter:data2\" content=\"1 minuto\" \/>\n<script type=\"application\/ld+json\" class=\"yoast-schema-graph\">{\"@context\":\"https:\\\/\\\/schema.org\",\"@graph\":[{\"@type\":\"Article\",\"@id\":\"https:\\\/\\\/artespolaintegracion.gal\\\/es\\\/concurso-de-piezas-para-la-counidade\\\/#article\",\"isPartOf\":{\"@id\":\"https:\\\/\\\/artespolaintegracion.gal\\\/es\\\/concurso-de-piezas-para-la-counidade\\\/\"},\"author\":{\"name\":\"agus\",\"@id\":\"https:\\\/\\\/maroon-squid-270101.hostingersite.com\\\/#\\\/schema\\\/person\\\/00ed91f5a8926c2cc2c05a0809605f5a\"},\"headline\":\"Concurso de piezas para la counidade\",\"datePublished\":\"2024-05-21T02:09:28+00:00\",\"dateModified\":\"2024-05-21T03:21:34+00:00\",\"mainEntityOfPage\":{\"@id\":\"https:\\\/\\\/artespolaintegracion.gal\\\/es\\\/concurso-de-piezas-para-la-counidade\\\/\"},\"wordCount\":146,\"image\":{\"@id\":\"https:\\\/\\\/artespolaintegracion.gal\\\/es\\\/concurso-de-piezas-para-la-counidade\\\/#primaryimage\"},\"thumbnailUrl\":\"https:\\\/\\\/artespolaintegracion.gal\\\/wp-content\\\/uploads\\\/2024\\\/05\\\/concurso-de-pezas-para-a-comunidade.jpg\",\"articleSection\":[\"XIII Artes Pola Integraci\u00f3n\"],\"inLanguage\":\"es\"},{\"@type\":\"WebPage\",\"@id\":\"https:\\\/\\\/artespolaintegracion.gal\\\/es\\\/concurso-de-piezas-para-la-counidade\\\/\",\"url\":\"https:\\\/\\\/artespolaintegracion.gal\\\/es\\\/concurso-de-piezas-para-la-counidade\\\/\",\"name\":\"Concurso de piezas para la counidade - Artes Pola Integraci\u00f3n\",\"isPartOf\":{\"@id\":\"https:\\\/\\\/maroon-squid-270101.hostingersite.com\\\/#website\"},\"primaryImageOfPage\":{\"@id\":\"https:\\\/\\\/artespolaintegracion.gal\\\/es\\\/concurso-de-piezas-para-la-counidade\\\/#primaryimage\"},\"image\":{\"@id\":\"https:\\\/\\\/artespolaintegracion.gal\\\/es\\\/concurso-de-piezas-para-la-counidade\\\/#primaryimage\"},\"thumbnailUrl\":\"https:\\\/\\\/artespolaintegracion.gal\\\/wp-content\\\/uploads\\\/2024\\\/05\\\/concurso-de-pezas-para-a-comunidade.jpg\",\"datePublished\":\"2024-05-21T02:09:28+00:00\",\"dateModified\":\"2024-05-21T03:21:34+00:00\",\"author\":{\"@id\":\"https:\\\/\\\/maroon-squid-270101.hostingersite.com\\\/#\\\/schema\\\/person\\\/00ed91f5a8926c2cc2c05a0809605f5a\"},\"breadcrumb\":{\"@id\":\"https:\\\/\\\/artespolaintegracion.gal\\\/es\\\/concurso-de-piezas-para-la-counidade\\\/#breadcrumb\"},\"inLanguage\":\"es\",\"potentialAction\":[{\"@type\":\"ReadAction\",\"target\":[\"https:\\\/\\\/artespolaintegracion.gal\\\/es\\\/concurso-de-piezas-para-la-counidade\\\/\"]}]},{\"@type\":\"ImageObject\",\"inLanguage\":\"es\",\"@id\":\"https:\\\/\\\/artespolaintegracion.gal\\\/es\\\/concurso-de-piezas-para-la-counidade\\\/#primaryimage\",\"url\":\"https:\\\/\\\/artespolaintegracion.gal\\\/wp-content\\\/uploads\\\/2024\\\/05\\\/concurso-de-pezas-para-a-comunidade.jpg\",\"contentUrl\":\"https:\\\/\\\/artespolaintegracion.gal\\\/wp-content\\\/uploads\\\/2024\\\/05\\\/concurso-de-pezas-para-a-comunidade.jpg\",\"width\":620,\"height\":633,\"caption\":\"Concurso de pezas para a comunidade\"},{\"@type\":\"BreadcrumbList\",\"@id\":\"https:\\\/\\\/artespolaintegracion.gal\\\/es\\\/concurso-de-piezas-para-la-counidade\\\/#breadcrumb\",\"itemListElement\":[{\"@type\":\"ListItem\",\"position\":1,\"name\":\"Home\",\"item\":\"https:\\\/\\\/artespolaintegracion.gal\\\/es\\\/\"},{\"@type\":\"ListItem\",\"position\":2,\"name\":\"Concurso de piezas para la counidade\"}]},{\"@type\":\"WebSite\",\"@id\":\"https:\\\/\\\/maroon-squid-270101.hostingersite.com\\\/#website\",\"url\":\"https:\\\/\\\/maroon-squid-270101.hostingersite.com\\\/\",\"name\":\"Artes Pola Integraci\u00f3n\",\"description\":\"Artes esc\u00e9nicas, artes visuais, mesas de reflexi\u00f3n\",\"potentialAction\":[{\"@type\":\"SearchAction\",\"target\":{\"@type\":\"EntryPoint\",\"urlTemplate\":\"https:\\\/\\\/maroon-squid-270101.hostingersite.com\\\/?s={search_term_string}\"},\"query-input\":{\"@type\":\"PropertyValueSpecification\",\"valueRequired\":true,\"valueName\":\"search_term_string\"}}],\"inLanguage\":\"es\"},{\"@type\":\"Person\",\"@id\":\"https:\\\/\\\/maroon-squid-270101.hostingersite.com\\\/#\\\/schema\\\/person\\\/00ed91f5a8926c2cc2c05a0809605f5a\",\"name\":\"agus\",\"image\":{\"@type\":\"ImageObject\",\"inLanguage\":\"es\",\"@id\":\"https:\\\/\\\/secure.gravatar.com\\\/avatar\\\/c3b27880696483c480aaaa306a46578e48ba28b22f93adff881cfd783369d04a?s=96&d=mm&r=g\",\"url\":\"https:\\\/\\\/secure.gravatar.com\\\/avatar\\\/c3b27880696483c480aaaa306a46578e48ba28b22f93adff881cfd783369d04a?s=96&d=mm&r=g\",\"contentUrl\":\"https:\\\/\\\/secure.gravatar.com\\\/avatar\\\/c3b27880696483c480aaaa306a46578e48ba28b22f93adff881cfd783369d04a?s=96&d=mm&r=g\",\"caption\":\"agus\"},\"url\":\"https:\\\/\\\/artespolaintegracion.gal\\\/es\\\/author\\\/agus\\\/\"}]}<\/script>\n<!-- \/ Yoast SEO plugin. -->","yoast_head_json":{"title":"Concurso de piezas para la counidade - Artes Pola Integraci\u00f3n","robots":{"index":"index","follow":"follow","max-snippet":"max-snippet:-1","max-image-preview":"max-image-preview:large","max-video-preview":"max-video-preview:-1"},"canonical":"https:\/\/artespolaintegracion.gal\/es\/concurso-de-piezas-para-la-counidade\/","og_locale":"es_ES","og_type":"article","og_title":"Concurso de piezas para la counidade - Artes Pola Integraci\u00f3n","og_description":"S\u00c1BADO 6 DE JULIO PARQUE DE BONAVAL, SANTIAGO DE COMPOSTELA DE 18:00 A 21:00HORAS DOMINGO 7 DE JULIO X\u00c1RDINS DE M\u00c9NDEZ N\u00da\u00d1EZ, A CORU\u00d1A DE 12:00 A 14:00HORAS CONCURSO DE PIEZAS PARA La COMUNIDAD PRESENTA ADRIANA PAULOS Se abrir\u00e1 una convocatoria para grupos formados por desde una ata a un m\u00e1ximo de cinco int\u00e9rpretes que [&hellip;]","og_url":"https:\/\/artespolaintegracion.gal\/es\/concurso-de-piezas-para-la-counidade\/","og_site_name":"Artes Pola Integraci\u00f3n","article_published_time":"2024-05-21T02:09:28+00:00","article_modified_time":"2024-05-21T03:21:34+00:00","og_image":[{"width":620,"height":633,"url":"https:\/\/artespolaintegracion.gal\/wp-content\/uploads\/2024\/05\/concurso-de-pezas-para-a-comunidade.jpg","type":"image\/jpeg"}],"author":"agus","twitter_card":"summary_large_image","twitter_misc":{"Escrito por":"agus","Tiempo de lectura":"1 minuto"},"schema":{"@context":"https:\/\/schema.org","@graph":[{"@type":"Article","@id":"https:\/\/artespolaintegracion.gal\/es\/concurso-de-piezas-para-la-counidade\/#article","isPartOf":{"@id":"https:\/\/artespolaintegracion.gal\/es\/concurso-de-piezas-para-la-counidade\/"},"author":{"name":"agus","@id":"https:\/\/maroon-squid-270101.hostingersite.com\/#\/schema\/person\/00ed91f5a8926c2cc2c05a0809605f5a"},"headline":"Concurso de piezas para la counidade","datePublished":"2024-05-21T02:09:28+00:00","dateModified":"2024-05-21T03:21:34+00:00","mainEntityOfPage":{"@id":"https:\/\/artespolaintegracion.gal\/es\/concurso-de-piezas-para-la-counidade\/"},"wordCount":146,"image":{"@id":"https:\/\/artespolaintegracion.gal\/es\/concurso-de-piezas-para-la-counidade\/#primaryimage"},"thumbnailUrl":"https:\/\/artespolaintegracion.gal\/wp-content\/uploads\/2024\/05\/concurso-de-pezas-para-a-comunidade.jpg","articleSection":["XIII Artes Pola Integraci\u00f3n"],"inLanguage":"es"},{"@type":"WebPage","@id":"https:\/\/artespolaintegracion.gal\/es\/concurso-de-piezas-para-la-counidade\/","url":"https:\/\/artespolaintegracion.gal\/es\/concurso-de-piezas-para-la-counidade\/","name":"Concurso de piezas para la counidade - Artes Pola Integraci\u00f3n","isPartOf":{"@id":"https:\/\/maroon-squid-270101.hostingersite.com\/#website"},"primaryImageOfPage":{"@id":"https:\/\/artespolaintegracion.gal\/es\/concurso-de-piezas-para-la-counidade\/#primaryimage"},"image":{"@id":"https:\/\/artespolaintegracion.gal\/es\/concurso-de-piezas-para-la-counidade\/#primaryimage"},"thumbnailUrl":"https:\/\/artespolaintegracion.gal\/wp-content\/uploads\/2024\/05\/concurso-de-pezas-para-a-comunidade.jpg","datePublished":"2024-05-21T02:09:28+00:00","dateModified":"2024-05-21T03:21:34+00:00","author":{"@id":"https:\/\/maroon-squid-270101.hostingersite.com\/#\/schema\/person\/00ed91f5a8926c2cc2c05a0809605f5a"},"breadcrumb":{"@id":"https:\/\/artespolaintegracion.gal\/es\/concurso-de-piezas-para-la-counidade\/#breadcrumb"},"inLanguage":"es","potentialAction":[{"@type":"ReadAction","target":["https:\/\/artespolaintegracion.gal\/es\/concurso-de-piezas-para-la-counidade\/"]}]},{"@type":"ImageObject","inLanguage":"es","@id":"https:\/\/artespolaintegracion.gal\/es\/concurso-de-piezas-para-la-counidade\/#primaryimage","url":"https:\/\/artespolaintegracion.gal\/wp-content\/uploads\/2024\/05\/concurso-de-pezas-para-a-comunidade.jpg","contentUrl":"https:\/\/artespolaintegracion.gal\/wp-content\/uploads\/2024\/05\/concurso-de-pezas-para-a-comunidade.jpg","width":620,"height":633,"caption":"Concurso de pezas para a comunidade"},{"@type":"BreadcrumbList","@id":"https:\/\/artespolaintegracion.gal\/es\/concurso-de-piezas-para-la-counidade\/#breadcrumb","itemListElement":[{"@type":"ListItem","position":1,"name":"Home","item":"https:\/\/artespolaintegracion.gal\/es\/"},{"@type":"ListItem","position":2,"name":"Concurso de piezas para la counidade"}]},{"@type":"WebSite","@id":"https:\/\/maroon-squid-270101.hostingersite.com\/#website","url":"https:\/\/maroon-squid-270101.hostingersite.com\/","name":"Artes Pola Integraci\u00f3n","description":"Artes esc\u00e9nicas, artes visuais, mesas de reflexi\u00f3n","potentialAction":[{"@type":"SearchAction","target":{"@type":"EntryPoint","urlTemplate":"https:\/\/maroon-squid-270101.hostingersite.com\/?s={search_term_string}"},"query-input":{"@type":"PropertyValueSpecification","valueRequired":true,"valueName":"search_term_string"}}],"inLanguage":"es"},{"@type":"Person","@id":"https:\/\/maroon-squid-270101.hostingersite.com\/#\/schema\/person\/00ed91f5a8926c2cc2c05a0809605f5a","name":"agus","image":{"@type":"ImageObject","inLanguage":"es","@id":"https:\/\/secure.gravatar.com\/avatar\/c3b27880696483c480aaaa306a46578e48ba28b22f93adff881cfd783369d04a?s=96&d=mm&r=g","url":"https:\/\/secure.gravatar.com\/avatar\/c3b27880696483c480aaaa306a46578e48ba28b22f93adff881cfd783369d04a?s=96&d=mm&r=g","contentUrl":"https:\/\/secure.gravatar.com\/avatar\/c3b27880696483c480aaaa306a46578e48ba28b22f93adff881cfd783369d04a?s=96&d=mm&r=g","caption":"agus"},"url":"https:\/\/artespolaintegracion.gal\/es\/author\/agus\/"}]}},"_links":{"self":[{"href":"https:\/\/artespolaintegracion.gal\/es\/wp-json\/wp\/v2\/posts\/1260","targetHints":{"allow":["GET"]}}],"collection":[{"href":"https:\/\/artespolaintegracion.gal\/es\/wp-json\/wp\/v2\/posts"}],"about":[{"href":"https:\/\/artespolaintegracion.gal\/es\/wp-json\/wp\/v2\/types\/post"}],"author":[{"embeddable":true,"href":"https:\/\/artespolaintegracion.gal\/es\/wp-json\/wp\/v2\/users\/1"}],"replies":[{"embeddable":true,"href":"https:\/\/artespolaintegracion.gal\/es\/wp-json\/wp\/v2\/comments?post=1260"}],"version-history":[{"count":1,"href":"https:\/\/artespolaintegracion.gal\/es\/wp-json\/wp\/v2\/posts\/1260\/revisions"}],"predecessor-version":[{"id":1261,"href":"https:\/\/artespolaintegracion.gal\/es\/wp-json\/wp\/v2\/posts\/1260\/revisions\/1261"}],"wp:featuredmedia":[{"embeddable":true,"href":"https:\/\/artespolaintegracion.gal\/es\/wp-json\/wp\/v2\/media\/1214"}],"wp:attachment":[{"href":"https:\/\/artespolaintegracion.gal\/es\/wp-json\/wp\/v2\/media?parent=1260"}],"wp:term":[{"taxonomy":"category","embeddable":true,"href":"https:\/\/artespolaintegracion.gal\/es\/wp-json\/wp\/v2\/categories?post=1260"},{"taxonomy":"post_tag","embeddable":true,"href":"https:\/\/artespolaintegracion.gal\/es\/wp-json\/wp\/v2\/tags?post=1260"}],"curies":[{"name":"wp","href":"https:\/\/api.w.org\/{rel}","templated":true}]}}