{"id":1001,"date":"2023-08-07T14:49:57","date_gmt":"2023-08-07T14:49:57","guid":{"rendered":"https:\/\/maroon-squid-270101.hostingersite.com\/mordiendo-la-verdad\/"},"modified":"2023-08-07T14:49:57","modified_gmt":"2023-08-07T14:49:57","slug":"mordiendo-la-verdad","status":"publish","type":"post","link":"https:\/\/artespolaintegracion.gal\/es\/mordiendo-la-verdad\/","title":{"rendered":"Mordiendo la verdad"},"content":{"rendered":"<h3><strong>Recuperando la memoria de las mujeres Teatro, m\u00fasica, danza y poes\u00eda visual<\/strong><\/h3>\n<p>Mordiendo la verdad 2.0 es un canto a la memoria y m\u00fasica no escrita: Las canciones de cuna conservadas en los labios sellados de nuestros antepasados. El dolor innombrable que sin embargo hizo carne y cincel\u00f3 las formas de nuestros cuerpos y nuestras vidas d\u00eda a d\u00eda.<br \/>\nSomos palabras, somos danza, somos m\u00fasica, somos cuerpo, somos presencia y somos justicia, somos otra verdad posible. Y estamos vivos, y estamos aqu\u00ed &#8211; Venimos con el compromiso de apostar a la vida, que dan m\u00e1s ganas que miedo, m\u00e1s garra que silencio, m\u00e1s aire que lamento.<\/p>\n","protected":false},"excerpt":{"rendered":"<p>Recuperando la memoria de las mujeres Teatro, m\u00fasica, danza y poes\u00eda visual Mordiendo la verdad 2.0 es un canto a la memoria y m\u00fasica no escrita: Las canciones de cuna conservadas en los labios sellados de nuestros antepasados. El dolor innombrable que sin embargo hizo carne y cincel\u00f3 las formas de nuestros cuerpos y nuestras [&hellip;]<\/p>\n","protected":false},"author":1,"featured_media":942,"comment_status":"closed","ping_status":"open","sticky":false,"template":"","format":"standard","meta":{"_et_pb_use_builder":"","_et_pb_old_content":"","_et_gb_content_width":"","footnotes":""},"categories":[22],"tags":[],"class_list":["post-1001","post","type-post","status-publish","format-standard","has-post-thumbnail","hentry","category-xii-artes-pola-integracion-es"],"yoast_head":"<!-- This site is optimized with the Yoast SEO plugin v27.3 - https:\/\/yoast.com\/product\/yoast-seo-wordpress\/ -->\n<title>Mordiendo la verdad - Artes Pola Integraci\u00f3n<\/title>\n<meta name=\"robots\" content=\"index, follow, max-snippet:-1, max-image-preview:large, max-video-preview:-1\" \/>\n<link rel=\"canonical\" href=\"https:\/\/artespolaintegracion.gal\/es\/mordiendo-la-verdad\/\" \/>\n<meta property=\"og:locale\" content=\"es_ES\" \/>\n<meta property=\"og:type\" content=\"article\" \/>\n<meta property=\"og:title\" content=\"Mordiendo la verdad - Artes Pola Integraci\u00f3n\" \/>\n<meta property=\"og:description\" content=\"Recuperando la memoria de las mujeres Teatro, m\u00fasica, danza y poes\u00eda visual Mordiendo la verdad 2.0 es un canto a la memoria y m\u00fasica no escrita: Las canciones de cuna conservadas en los labios sellados de nuestros antepasados. El dolor innombrable que sin embargo hizo carne y cincel\u00f3 las formas de nuestros cuerpos y nuestras [&hellip;]\" \/>\n<meta property=\"og:url\" content=\"https:\/\/artespolaintegracion.gal\/es\/mordiendo-la-verdad\/\" \/>\n<meta property=\"og:site_name\" content=\"Artes Pola Integraci\u00f3n\" \/>\n<meta property=\"article:published_time\" content=\"2023-08-07T14:49:57+00:00\" \/>\n<meta property=\"og:image\" content=\"https:\/\/artespolaintegracion.gal\/wp-content\/uploads\/2023\/08\/mordiendo-la-verdadG.jpg\" \/>\n\t<meta property=\"og:image:width\" content=\"1111\" \/>\n\t<meta property=\"og:image:height\" content=\"1667\" \/>\n\t<meta property=\"og:image:type\" content=\"image\/jpeg\" \/>\n<meta name=\"author\" content=\"agus\" \/>\n<meta name=\"twitter:card\" content=\"summary_large_image\" \/>\n<meta name=\"twitter:label1\" content=\"Escrito por\" \/>\n\t<meta name=\"twitter:data1\" content=\"agus\" \/>\n\t<meta name=\"twitter:label2\" content=\"Tiempo de lectura\" \/>\n\t<meta name=\"twitter:data2\" content=\"1 minuto\" \/>\n<script type=\"application\/ld+json\" class=\"yoast-schema-graph\">{\"@context\":\"https:\\\/\\\/schema.org\",\"@graph\":[{\"@type\":\"Article\",\"@id\":\"https:\\\/\\\/artespolaintegracion.gal\\\/es\\\/mordiendo-la-verdad\\\/#article\",\"isPartOf\":{\"@id\":\"https:\\\/\\\/artespolaintegracion.gal\\\/es\\\/mordiendo-la-verdad\\\/\"},\"author\":{\"name\":\"agus\",\"@id\":\"https:\\\/\\\/maroon-squid-270101.hostingersite.com\\\/#\\\/schema\\\/person\\\/00ed91f5a8926c2cc2c05a0809605f5a\"},\"headline\":\"Mordiendo la verdad\",\"datePublished\":\"2023-08-07T14:49:57+00:00\",\"mainEntityOfPage\":{\"@id\":\"https:\\\/\\\/artespolaintegracion.gal\\\/es\\\/mordiendo-la-verdad\\\/\"},\"wordCount\":117,\"image\":{\"@id\":\"https:\\\/\\\/artespolaintegracion.gal\\\/es\\\/mordiendo-la-verdad\\\/#primaryimage\"},\"thumbnailUrl\":\"https:\\\/\\\/artespolaintegracion.gal\\\/wp-content\\\/uploads\\\/2023\\\/08\\\/mordiendo-la-verdadG.jpg\",\"articleSection\":[\"XII Artes Pola Integraci\u00f3n\"],\"inLanguage\":\"es\"},{\"@type\":\"WebPage\",\"@id\":\"https:\\\/\\\/artespolaintegracion.gal\\\/es\\\/mordiendo-la-verdad\\\/\",\"url\":\"https:\\\/\\\/artespolaintegracion.gal\\\/es\\\/mordiendo-la-verdad\\\/\",\"name\":\"Mordiendo la verdad - Artes Pola Integraci\u00f3n\",\"isPartOf\":{\"@id\":\"https:\\\/\\\/maroon-squid-270101.hostingersite.com\\\/#website\"},\"primaryImageOfPage\":{\"@id\":\"https:\\\/\\\/artespolaintegracion.gal\\\/es\\\/mordiendo-la-verdad\\\/#primaryimage\"},\"image\":{\"@id\":\"https:\\\/\\\/artespolaintegracion.gal\\\/es\\\/mordiendo-la-verdad\\\/#primaryimage\"},\"thumbnailUrl\":\"https:\\\/\\\/artespolaintegracion.gal\\\/wp-content\\\/uploads\\\/2023\\\/08\\\/mordiendo-la-verdadG.jpg\",\"datePublished\":\"2023-08-07T14:49:57+00:00\",\"author\":{\"@id\":\"https:\\\/\\\/maroon-squid-270101.hostingersite.com\\\/#\\\/schema\\\/person\\\/00ed91f5a8926c2cc2c05a0809605f5a\"},\"breadcrumb\":{\"@id\":\"https:\\\/\\\/artespolaintegracion.gal\\\/es\\\/mordiendo-la-verdad\\\/#breadcrumb\"},\"inLanguage\":\"es\",\"potentialAction\":[{\"@type\":\"ReadAction\",\"target\":[\"https:\\\/\\\/artespolaintegracion.gal\\\/es\\\/mordiendo-la-verdad\\\/\"]}]},{\"@type\":\"ImageObject\",\"inLanguage\":\"es\",\"@id\":\"https:\\\/\\\/artespolaintegracion.gal\\\/es\\\/mordiendo-la-verdad\\\/#primaryimage\",\"url\":\"https:\\\/\\\/artespolaintegracion.gal\\\/wp-content\\\/uploads\\\/2023\\\/08\\\/mordiendo-la-verdadG.jpg\",\"contentUrl\":\"https:\\\/\\\/artespolaintegracion.gal\\\/wp-content\\\/uploads\\\/2023\\\/08\\\/mordiendo-la-verdadG.jpg\",\"width\":1111,\"height\":1667,\"caption\":\"Mordiendo la verdad\"},{\"@type\":\"BreadcrumbList\",\"@id\":\"https:\\\/\\\/artespolaintegracion.gal\\\/es\\\/mordiendo-la-verdad\\\/#breadcrumb\",\"itemListElement\":[{\"@type\":\"ListItem\",\"position\":1,\"name\":\"Home\",\"item\":\"https:\\\/\\\/artespolaintegracion.gal\\\/es\\\/\"},{\"@type\":\"ListItem\",\"position\":2,\"name\":\"Mordiendo la verdad\"}]},{\"@type\":\"WebSite\",\"@id\":\"https:\\\/\\\/maroon-squid-270101.hostingersite.com\\\/#website\",\"url\":\"https:\\\/\\\/maroon-squid-270101.hostingersite.com\\\/\",\"name\":\"Artes Pola Integraci\u00f3n\",\"description\":\"Artes esc\u00e9nicas, artes visuais, mesas de reflexi\u00f3n\",\"potentialAction\":[{\"@type\":\"SearchAction\",\"target\":{\"@type\":\"EntryPoint\",\"urlTemplate\":\"https:\\\/\\\/maroon-squid-270101.hostingersite.com\\\/?s={search_term_string}\"},\"query-input\":{\"@type\":\"PropertyValueSpecification\",\"valueRequired\":true,\"valueName\":\"search_term_string\"}}],\"inLanguage\":\"es\"},{\"@type\":\"Person\",\"@id\":\"https:\\\/\\\/maroon-squid-270101.hostingersite.com\\\/#\\\/schema\\\/person\\\/00ed91f5a8926c2cc2c05a0809605f5a\",\"name\":\"agus\",\"image\":{\"@type\":\"ImageObject\",\"inLanguage\":\"es\",\"@id\":\"https:\\\/\\\/secure.gravatar.com\\\/avatar\\\/c3b27880696483c480aaaa306a46578e48ba28b22f93adff881cfd783369d04a?s=96&d=mm&r=g\",\"url\":\"https:\\\/\\\/secure.gravatar.com\\\/avatar\\\/c3b27880696483c480aaaa306a46578e48ba28b22f93adff881cfd783369d04a?s=96&d=mm&r=g\",\"contentUrl\":\"https:\\\/\\\/secure.gravatar.com\\\/avatar\\\/c3b27880696483c480aaaa306a46578e48ba28b22f93adff881cfd783369d04a?s=96&d=mm&r=g\",\"caption\":\"agus\"},\"url\":\"https:\\\/\\\/artespolaintegracion.gal\\\/es\\\/author\\\/agus\\\/\"}]}<\/script>\n<!-- \/ Yoast SEO plugin. -->","yoast_head_json":{"title":"Mordiendo la verdad - Artes Pola Integraci\u00f3n","robots":{"index":"index","follow":"follow","max-snippet":"max-snippet:-1","max-image-preview":"max-image-preview:large","max-video-preview":"max-video-preview:-1"},"canonical":"https:\/\/artespolaintegracion.gal\/es\/mordiendo-la-verdad\/","og_locale":"es_ES","og_type":"article","og_title":"Mordiendo la verdad - Artes Pola Integraci\u00f3n","og_description":"Recuperando la memoria de las mujeres Teatro, m\u00fasica, danza y poes\u00eda visual Mordiendo la verdad 2.0 es un canto a la memoria y m\u00fasica no escrita: Las canciones de cuna conservadas en los labios sellados de nuestros antepasados. El dolor innombrable que sin embargo hizo carne y cincel\u00f3 las formas de nuestros cuerpos y nuestras [&hellip;]","og_url":"https:\/\/artespolaintegracion.gal\/es\/mordiendo-la-verdad\/","og_site_name":"Artes Pola Integraci\u00f3n","article_published_time":"2023-08-07T14:49:57+00:00","og_image":[{"width":1111,"height":1667,"url":"https:\/\/artespolaintegracion.gal\/wp-content\/uploads\/2023\/08\/mordiendo-la-verdadG.jpg","type":"image\/jpeg"}],"author":"agus","twitter_card":"summary_large_image","twitter_misc":{"Escrito por":"agus","Tiempo de lectura":"1 minuto"},"schema":{"@context":"https:\/\/schema.org","@graph":[{"@type":"Article","@id":"https:\/\/artespolaintegracion.gal\/es\/mordiendo-la-verdad\/#article","isPartOf":{"@id":"https:\/\/artespolaintegracion.gal\/es\/mordiendo-la-verdad\/"},"author":{"name":"agus","@id":"https:\/\/maroon-squid-270101.hostingersite.com\/#\/schema\/person\/00ed91f5a8926c2cc2c05a0809605f5a"},"headline":"Mordiendo la verdad","datePublished":"2023-08-07T14:49:57+00:00","mainEntityOfPage":{"@id":"https:\/\/artespolaintegracion.gal\/es\/mordiendo-la-verdad\/"},"wordCount":117,"image":{"@id":"https:\/\/artespolaintegracion.gal\/es\/mordiendo-la-verdad\/#primaryimage"},"thumbnailUrl":"https:\/\/artespolaintegracion.gal\/wp-content\/uploads\/2023\/08\/mordiendo-la-verdadG.jpg","articleSection":["XII Artes Pola Integraci\u00f3n"],"inLanguage":"es"},{"@type":"WebPage","@id":"https:\/\/artespolaintegracion.gal\/es\/mordiendo-la-verdad\/","url":"https:\/\/artespolaintegracion.gal\/es\/mordiendo-la-verdad\/","name":"Mordiendo la verdad - Artes Pola Integraci\u00f3n","isPartOf":{"@id":"https:\/\/maroon-squid-270101.hostingersite.com\/#website"},"primaryImageOfPage":{"@id":"https:\/\/artespolaintegracion.gal\/es\/mordiendo-la-verdad\/#primaryimage"},"image":{"@id":"https:\/\/artespolaintegracion.gal\/es\/mordiendo-la-verdad\/#primaryimage"},"thumbnailUrl":"https:\/\/artespolaintegracion.gal\/wp-content\/uploads\/2023\/08\/mordiendo-la-verdadG.jpg","datePublished":"2023-08-07T14:49:57+00:00","author":{"@id":"https:\/\/maroon-squid-270101.hostingersite.com\/#\/schema\/person\/00ed91f5a8926c2cc2c05a0809605f5a"},"breadcrumb":{"@id":"https:\/\/artespolaintegracion.gal\/es\/mordiendo-la-verdad\/#breadcrumb"},"inLanguage":"es","potentialAction":[{"@type":"ReadAction","target":["https:\/\/artespolaintegracion.gal\/es\/mordiendo-la-verdad\/"]}]},{"@type":"ImageObject","inLanguage":"es","@id":"https:\/\/artespolaintegracion.gal\/es\/mordiendo-la-verdad\/#primaryimage","url":"https:\/\/artespolaintegracion.gal\/wp-content\/uploads\/2023\/08\/mordiendo-la-verdadG.jpg","contentUrl":"https:\/\/artespolaintegracion.gal\/wp-content\/uploads\/2023\/08\/mordiendo-la-verdadG.jpg","width":1111,"height":1667,"caption":"Mordiendo la verdad"},{"@type":"BreadcrumbList","@id":"https:\/\/artespolaintegracion.gal\/es\/mordiendo-la-verdad\/#breadcrumb","itemListElement":[{"@type":"ListItem","position":1,"name":"Home","item":"https:\/\/artespolaintegracion.gal\/es\/"},{"@type":"ListItem","position":2,"name":"Mordiendo la verdad"}]},{"@type":"WebSite","@id":"https:\/\/maroon-squid-270101.hostingersite.com\/#website","url":"https:\/\/maroon-squid-270101.hostingersite.com\/","name":"Artes Pola Integraci\u00f3n","description":"Artes esc\u00e9nicas, artes visuais, mesas de reflexi\u00f3n","potentialAction":[{"@type":"SearchAction","target":{"@type":"EntryPoint","urlTemplate":"https:\/\/maroon-squid-270101.hostingersite.com\/?s={search_term_string}"},"query-input":{"@type":"PropertyValueSpecification","valueRequired":true,"valueName":"search_term_string"}}],"inLanguage":"es"},{"@type":"Person","@id":"https:\/\/maroon-squid-270101.hostingersite.com\/#\/schema\/person\/00ed91f5a8926c2cc2c05a0809605f5a","name":"agus","image":{"@type":"ImageObject","inLanguage":"es","@id":"https:\/\/secure.gravatar.com\/avatar\/c3b27880696483c480aaaa306a46578e48ba28b22f93adff881cfd783369d04a?s=96&d=mm&r=g","url":"https:\/\/secure.gravatar.com\/avatar\/c3b27880696483c480aaaa306a46578e48ba28b22f93adff881cfd783369d04a?s=96&d=mm&r=g","contentUrl":"https:\/\/secure.gravatar.com\/avatar\/c3b27880696483c480aaaa306a46578e48ba28b22f93adff881cfd783369d04a?s=96&d=mm&r=g","caption":"agus"},"url":"https:\/\/artespolaintegracion.gal\/es\/author\/agus\/"}]}},"_links":{"self":[{"href":"https:\/\/artespolaintegracion.gal\/es\/wp-json\/wp\/v2\/posts\/1001","targetHints":{"allow":["GET"]}}],"collection":[{"href":"https:\/\/artespolaintegracion.gal\/es\/wp-json\/wp\/v2\/posts"}],"about":[{"href":"https:\/\/artespolaintegracion.gal\/es\/wp-json\/wp\/v2\/types\/post"}],"author":[{"embeddable":true,"href":"https:\/\/artespolaintegracion.gal\/es\/wp-json\/wp\/v2\/users\/1"}],"replies":[{"embeddable":true,"href":"https:\/\/artespolaintegracion.gal\/es\/wp-json\/wp\/v2\/comments?post=1001"}],"version-history":[{"count":0,"href":"https:\/\/artespolaintegracion.gal\/es\/wp-json\/wp\/v2\/posts\/1001\/revisions"}],"wp:featuredmedia":[{"embeddable":true,"href":"https:\/\/artespolaintegracion.gal\/es\/wp-json\/wp\/v2\/media\/942"}],"wp:attachment":[{"href":"https:\/\/artespolaintegracion.gal\/es\/wp-json\/wp\/v2\/media?parent=1001"}],"wp:term":[{"taxonomy":"category","embeddable":true,"href":"https:\/\/artespolaintegracion.gal\/es\/wp-json\/wp\/v2\/categories?post=1001"},{"taxonomy":"post_tag","embeddable":true,"href":"https:\/\/artespolaintegracion.gal\/es\/wp-json\/wp\/v2\/tags?post=1001"}],"curies":[{"name":"wp","href":"https:\/\/api.w.org\/{rel}","templated":true}]}}